{"id":2755,"date":"2021-12-13T21:38:27","date_gmt":"2021-12-13T20:38:27","guid":{"rendered":"https:\/\/kundservice.corendon.se\/?p=2755"},"modified":"2026-04-30T13:38:22","modified_gmt":"2026-04-30T12:38:22","slug":"fore-avresa","status":"publish","type":"post","link":"https:\/\/kundservice.corendon.se\/blog\/2021\/12\/13\/fore-avresa\/","title":{"rendered":"F\u00f6re avresa"},"content":{"rendered":"<h3>Inreserestriktioner<\/h3>\n<p>De flesta av v\u00e5ra resm\u00e5l har sina egna regler och restriktioner i samband med hanteringen av covid-19. Regler och restriktioner uppdateras ofta med kort varsel, och det \u00e4r d\u00e4rf\u00f6r<\/p>\n<p>alltid den resandes ansvar att vara uppm\u00e4rksam p\u00e5 de g\u00e4llande kraven i avrese- och ankomstl\u00e4nderna samt att medf\u00f6ra korrekta resedokument.<\/p>\n<p><strong>Bulgarien<\/strong><br \/>\nDet finns inte l\u00e4ngre n\u00e5gra restriktioner vid inresa till Bulgarien g\u00e4llande covid-19.<\/p>\n<p><strong>Grekland<\/strong><br \/>\nDet finns inte l\u00e4ngre n\u00e5gra restriktioner vid inresa till Grekland g\u00e4llande covid-19.<\/p>\n<p><strong>Spanien<\/strong><br \/>\nDet finns inte l\u00e4ngre n\u00e5gra restriktioner vid inresa till Spanien g\u00e4llande covid-19.<\/p>\n<p><strong>Turkiet <\/strong><br \/>\nDet finns inte l\u00e4ngre n\u00e5gra restriktioner vid inresa till Turkiet g\u00e4llande covid-19.<\/p>\n","protected":false},"excerpt":{"rendered":"<p>Inreserestriktioner De flesta av v\u00e5ra resm\u00e5l har sina egna regler och restriktioner i samband med hanteringen av covid-19. Regler och restriktioner uppdateras ofta med kort varsel, och det \u00e4r d\u00e4rf\u00f6r alltid den resandes ansvar att vara uppm\u00e4rksam p\u00e5 de g\u00e4llande kraven i avrese- och ankomstl\u00e4nderna samt att medf\u00f6ra korrekta resedokument. Bulgarien Det finns inte l\u00e4ngre [&hellip;]<\/p>\n","protected":false},"author":20,"featured_media":0,"comment_status":"closed","ping_status":"closed","sticky":true,"template":"","format":"standard","meta":{"footnotes":""},"categories":[379],"tags":[],"class_list":["post-2755","post","type-post","status-publish","format-standard","hentry","category-vanliga-fragor"],"yoast_head":"<!-- This site is optimized with the Yoast SEO plugin v26.0 - https:\/\/yoast.com\/wordpress\/plugins\/seo\/ -->\n<title>F\u00f6re avresa - Kundeservice Corendon (SE)<\/title>\n<meta name=\"robots\" content=\"index, follow, max-snippet:-1, max-image-preview:large, max-video-preview:-1\" \/>\n<link rel=\"canonical\" href=\"https:\/\/kundservice.corendon.se\/blog\/2021\/12\/13\/fore-avresa\/\" \/>\n<meta property=\"og:locale\" content=\"en_US\" \/>\n<meta property=\"og:type\" content=\"article\" \/>\n<meta property=\"og:title\" content=\"F\u00f6re avresa - Kundeservice Corendon (SE)\" \/>\n<meta property=\"og:description\" content=\"Inreserestriktioner De flesta av v\u00e5ra resm\u00e5l har sina egna regler och restriktioner i samband med hanteringen av covid-19. Regler och restriktioner uppdateras ofta med kort varsel, och det \u00e4r d\u00e4rf\u00f6r alltid den resandes ansvar att vara uppm\u00e4rksam p\u00e5 de g\u00e4llande kraven i avrese- och ankomstl\u00e4nderna samt att medf\u00f6ra korrekta resedokument. Bulgarien Det finns inte l\u00e4ngre [&hellip;]\" \/>\n<meta property=\"og:url\" content=\"https:\/\/kundservice.corendon.se\/blog\/2021\/12\/13\/fore-avresa\/\" \/>\n<meta property=\"og:site_name\" content=\"Kundeservice Corendon (SE)\" \/>\n<meta property=\"article:published_time\" content=\"2021-12-13T20:38:27+00:00\" \/>\n<meta property=\"article:modified_time\" content=\"2026-04-30T12:38:22+00:00\" \/>\n<meta name=\"author\" content=\"Deniz jensen\" \/>\n<meta name=\"twitter:card\" content=\"summary_large_image\" \/>\n<meta name=\"twitter:label1\" content=\"Written by\" \/>\n\t<meta name=\"twitter:data1\" content=\"Deniz jensen\" \/>\n\t<meta name=\"twitter:label2\" content=\"Est. reading time\" \/>\n\t<meta name=\"twitter:data2\" content=\"1 minute\" \/>\n<script type=\"application\/ld+json\" class=\"yoast-schema-graph\">{\"@context\":\"https:\/\/schema.org\",\"@graph\":[{\"@type\":\"WebPage\",\"@id\":\"https:\/\/kundservice.corendon.se\/blog\/2021\/12\/13\/fore-avresa\/\",\"url\":\"https:\/\/kundservice.corendon.se\/blog\/2021\/12\/13\/fore-avresa\/\",\"name\":\"F\u00f6re avresa - Kundeservice Corendon (SE)\",\"isPartOf\":{\"@id\":\"https:\/\/kundservice.corendon.se\/#website\"},\"datePublished\":\"2021-12-13T20:38:27+00:00\",\"dateModified\":\"2026-04-30T12:38:22+00:00\",\"author\":{\"@id\":\"https:\/\/kundservice.corendon.se\/#\/schema\/person\/1b9facdfda30ae1f4592a6820b7b3c2d\"},\"breadcrumb\":{\"@id\":\"https:\/\/kundservice.corendon.se\/blog\/2021\/12\/13\/fore-avresa\/#breadcrumb\"},\"inLanguage\":\"en-US\",\"potentialAction\":[{\"@type\":\"ReadAction\",\"target\":[\"https:\/\/kundservice.corendon.se\/blog\/2021\/12\/13\/fore-avresa\/\"]}]},{\"@type\":\"BreadcrumbList\",\"@id\":\"https:\/\/kundservice.corendon.se\/blog\/2021\/12\/13\/fore-avresa\/#breadcrumb\",\"itemListElement\":[{\"@type\":\"ListItem\",\"position\":1,\"name\":\"Home\",\"item\":\"https:\/\/kundservice.corendon.se\/\"},{\"@type\":\"ListItem\",\"position\":2,\"name\":\"F\u00f6re avresa\"}]},{\"@type\":\"WebSite\",\"@id\":\"https:\/\/kundservice.corendon.se\/#website\",\"url\":\"https:\/\/kundservice.corendon.se\/\",\"name\":\"Kundeservice Corendon (SE)\",\"description\":\"H\u00e4r f\u00e5r du svar p\u00e5 dina fr\u00e5gor n\u00e4r du ska resa med Corendon\",\"potentialAction\":[{\"@type\":\"SearchAction\",\"target\":{\"@type\":\"EntryPoint\",\"urlTemplate\":\"https:\/\/kundservice.corendon.se\/?s={search_term_string}\"},\"query-input\":{\"@type\":\"PropertyValueSpecification\",\"valueRequired\":true,\"valueName\":\"search_term_string\"}}],\"inLanguage\":\"en-US\"},{\"@type\":\"Person\",\"@id\":\"https:\/\/kundservice.corendon.se\/#\/schema\/person\/1b9facdfda30ae1f4592a6820b7b3c2d\",\"name\":\"Deniz jensen\",\"image\":{\"@type\":\"ImageObject\",\"inLanguage\":\"en-US\",\"@id\":\"https:\/\/kundservice.corendon.se\/#\/schema\/person\/image\/\",\"url\":\"https:\/\/secure.gravatar.com\/avatar\/379718f10245a298f9150cd0419dc88b5b9a0b25979762bd07c975c4842c7afa?s=96&d=mm&r=g\",\"contentUrl\":\"https:\/\/secure.gravatar.com\/avatar\/379718f10245a298f9150cd0419dc88b5b9a0b25979762bd07c975c4842c7afa?s=96&d=mm&r=g\",\"caption\":\"Deniz jensen\"},\"url\":\"https:\/\/kundservice.corendon.se\/blog\/author\/deniz\/\"}]}<\/script>\n<!-- \/ Yoast SEO plugin. -->","yoast_head_json":{"title":"F\u00f6re avresa - Kundeservice Corendon (SE)","robots":{"index":"index","follow":"follow","max-snippet":"max-snippet:-1","max-image-preview":"max-image-preview:large","max-video-preview":"max-video-preview:-1"},"canonical":"https:\/\/kundservice.corendon.se\/blog\/2021\/12\/13\/fore-avresa\/","og_locale":"en_US","og_type":"article","og_title":"F\u00f6re avresa - Kundeservice Corendon (SE)","og_description":"Inreserestriktioner De flesta av v\u00e5ra resm\u00e5l har sina egna regler och restriktioner i samband med hanteringen av covid-19. Regler och restriktioner uppdateras ofta med kort varsel, och det \u00e4r d\u00e4rf\u00f6r alltid den resandes ansvar att vara uppm\u00e4rksam p\u00e5 de g\u00e4llande kraven i avrese- och ankomstl\u00e4nderna samt att medf\u00f6ra korrekta resedokument. Bulgarien Det finns inte l\u00e4ngre [&hellip;]","og_url":"https:\/\/kundservice.corendon.se\/blog\/2021\/12\/13\/fore-avresa\/","og_site_name":"Kundeservice Corendon (SE)","article_published_time":"2021-12-13T20:38:27+00:00","article_modified_time":"2026-04-30T12:38:22+00:00","author":"Deniz jensen","twitter_card":"summary_large_image","twitter_misc":{"Written by":"Deniz jensen","Est. reading time":"1 minute"},"schema":{"@context":"https:\/\/schema.org","@graph":[{"@type":"WebPage","@id":"https:\/\/kundservice.corendon.se\/blog\/2021\/12\/13\/fore-avresa\/","url":"https:\/\/kundservice.corendon.se\/blog\/2021\/12\/13\/fore-avresa\/","name":"F\u00f6re avresa - Kundeservice Corendon (SE)","isPartOf":{"@id":"https:\/\/kundservice.corendon.se\/#website"},"datePublished":"2021-12-13T20:38:27+00:00","dateModified":"2026-04-30T12:38:22+00:00","author":{"@id":"https:\/\/kundservice.corendon.se\/#\/schema\/person\/1b9facdfda30ae1f4592a6820b7b3c2d"},"breadcrumb":{"@id":"https:\/\/kundservice.corendon.se\/blog\/2021\/12\/13\/fore-avresa\/#breadcrumb"},"inLanguage":"en-US","potentialAction":[{"@type":"ReadAction","target":["https:\/\/kundservice.corendon.se\/blog\/2021\/12\/13\/fore-avresa\/"]}]},{"@type":"BreadcrumbList","@id":"https:\/\/kundservice.corendon.se\/blog\/2021\/12\/13\/fore-avresa\/#breadcrumb","itemListElement":[{"@type":"ListItem","position":1,"name":"Home","item":"https:\/\/kundservice.corendon.se\/"},{"@type":"ListItem","position":2,"name":"F\u00f6re avresa"}]},{"@type":"WebSite","@id":"https:\/\/kundservice.corendon.se\/#website","url":"https:\/\/kundservice.corendon.se\/","name":"Kundeservice Corendon (SE)","description":"H\u00e4r f\u00e5r du svar p\u00e5 dina fr\u00e5gor n\u00e4r du ska resa med Corendon","potentialAction":[{"@type":"SearchAction","target":{"@type":"EntryPoint","urlTemplate":"https:\/\/kundservice.corendon.se\/?s={search_term_string}"},"query-input":{"@type":"PropertyValueSpecification","valueRequired":true,"valueName":"search_term_string"}}],"inLanguage":"en-US"},{"@type":"Person","@id":"https:\/\/kundservice.corendon.se\/#\/schema\/person\/1b9facdfda30ae1f4592a6820b7b3c2d","name":"Deniz jensen","image":{"@type":"ImageObject","inLanguage":"en-US","@id":"https:\/\/kundservice.corendon.se\/#\/schema\/person\/image\/","url":"https:\/\/secure.gravatar.com\/avatar\/379718f10245a298f9150cd0419dc88b5b9a0b25979762bd07c975c4842c7afa?s=96&d=mm&r=g","contentUrl":"https:\/\/secure.gravatar.com\/avatar\/379718f10245a298f9150cd0419dc88b5b9a0b25979762bd07c975c4842c7afa?s=96&d=mm&r=g","caption":"Deniz jensen"},"url":"https:\/\/kundservice.corendon.se\/blog\/author\/deniz\/"}]}},"_links":{"self":[{"href":"https:\/\/kundservice.corendon.se\/wp-json\/wp\/v2\/posts\/2755","targetHints":{"allow":["GET"]}}],"collection":[{"href":"https:\/\/kundservice.corendon.se\/wp-json\/wp\/v2\/posts"}],"about":[{"href":"https:\/\/kundservice.corendon.se\/wp-json\/wp\/v2\/types\/post"}],"author":[{"embeddable":true,"href":"https:\/\/kundservice.corendon.se\/wp-json\/wp\/v2\/users\/20"}],"replies":[{"embeddable":true,"href":"https:\/\/kundservice.corendon.se\/wp-json\/wp\/v2\/comments?post=2755"}],"version-history":[{"count":8,"href":"https:\/\/kundservice.corendon.se\/wp-json\/wp\/v2\/posts\/2755\/revisions"}],"predecessor-version":[{"id":2817,"href":"https:\/\/kundservice.corendon.se\/wp-json\/wp\/v2\/posts\/2755\/revisions\/2817"}],"wp:attachment":[{"href":"https:\/\/kundservice.corendon.se\/wp-json\/wp\/v2\/media?parent=2755"}],"wp:term":[{"taxonomy":"category","embeddable":true,"href":"https:\/\/kundservice.corendon.se\/wp-json\/wp\/v2\/categories?post=2755"},{"taxonomy":"post_tag","embeddable":true,"href":"https:\/\/kundservice.corendon.se\/wp-json\/wp\/v2\/tags?post=2755"}],"curies":[{"name":"wp","href":"https:\/\/api.w.org\/{rel}","templated":true}]}}