{"id":2733,"date":"2021-11-24T19:32:05","date_gmt":"2021-11-24T18:32:05","guid":{"rendered":"https:\/\/kundservice.corendon.se\/?p=2733"},"modified":"2026-04-27T11:31:03","modified_gmt":"2026-04-27T10:31:03","slug":"forsenat-flyg","status":"publish","type":"post","link":"https:\/\/kundservice.corendon.se\/blog\/2021\/11\/24\/forsenat-flyg\/","title":{"rendered":"F\u00f6rsenat flyg"},"content":{"rendered":"<p>Det kan f\u00f6rekomma \u00e4ndringar eller f\u00f6rseningar p\u00e5 flygresan, b\u00e5de p\u00e5 ut- och hemresan. I de s\u00e4llsynta fall d\u00e5 detta intr\u00e4ffar kommer vi, i samarbete med flygplatspersonalen och flygbolaget, att hantera situationen s\u00e5 att det medf\u00f6r minsta m\u00f6jliga besv\u00e4r f\u00f6r v\u00e5ra g\u00e4ster.<\/p>\n<p>Corendon ansvarar inte f\u00f6r eventuella f\u00f6ljdverkningar, s\u00e5som missade anslutningar med kollektivtrafik, parkeringskostnader och personliga omst\u00e4ndigheter, t.ex. f\u00f6rlorad arbetsinkomst.<\/p>\n<p>Om du vill ans\u00f6ka om ers\u00e4ttning f\u00f6r en flygf\u00f6rsening med h\u00e4nvisning till EU-f\u00f6rordning 261\/2004 ska du v\u00e4nda dig direkt till flygbolaget. Corendon ansvarar inte f\u00f6r att utge ers\u00e4ttning eller bist\u00e5 vid ers\u00e4ttningskrav enligt EU-f\u00f6rordningen f\u00f6r flygbolag.<\/p>\n","protected":false},"excerpt":{"rendered":"<p>Det kan f\u00f6rekomma \u00e4ndringar eller f\u00f6rseningar p\u00e5 flygresan, b\u00e5de p\u00e5 ut- och hemresan. I de s\u00e4llsynta fall d\u00e5 detta intr\u00e4ffar kommer vi, i samarbete med flygplatspersonalen och flygbolaget, att hantera situationen s\u00e5 att det medf\u00f6r minsta m\u00f6jliga besv\u00e4r f\u00f6r v\u00e5ra g\u00e4ster. Corendon ansvarar inte f\u00f6r eventuella f\u00f6ljdverkningar, s\u00e5som missade anslutningar med kollektivtrafik, parkeringskostnader och personliga [&hellip;]<\/p>\n","protected":false},"author":20,"featured_media":0,"comment_status":"closed","ping_status":"closed","sticky":false,"template":"","format":"standard","meta":{"footnotes":""},"categories":[12],"tags":[],"class_list":["post-2733","post","type-post","status-publish","format-standard","hentry","category-flygresan"],"yoast_head":"<!-- This site is optimized with the Yoast SEO plugin v26.0 - https:\/\/yoast.com\/wordpress\/plugins\/seo\/ -->\n<title>F\u00f6rsenat flyg - Kundeservice Corendon (SE)<\/title>\n<meta name=\"robots\" content=\"index, follow, max-snippet:-1, max-image-preview:large, max-video-preview:-1\" \/>\n<link rel=\"canonical\" href=\"https:\/\/kundservice.corendon.se\/blog\/2021\/11\/24\/forsenat-flyg\/\" \/>\n<meta property=\"og:locale\" content=\"sv_SE\" \/>\n<meta property=\"og:type\" content=\"article\" \/>\n<meta property=\"og:title\" content=\"F\u00f6rsenat flyg - Kundeservice Corendon (SE)\" \/>\n<meta property=\"og:description\" content=\"Det kan f\u00f6rekomma \u00e4ndringar eller f\u00f6rseningar p\u00e5 flygresan, b\u00e5de p\u00e5 ut- och hemresan. I de s\u00e4llsynta fall d\u00e5 detta intr\u00e4ffar kommer vi, i samarbete med flygplatspersonalen och flygbolaget, att hantera situationen s\u00e5 att det medf\u00f6r minsta m\u00f6jliga besv\u00e4r f\u00f6r v\u00e5ra g\u00e4ster. Corendon ansvarar inte f\u00f6r eventuella f\u00f6ljdverkningar, s\u00e5som missade anslutningar med kollektivtrafik, parkeringskostnader och personliga [&hellip;]\" \/>\n<meta property=\"og:url\" content=\"https:\/\/kundservice.corendon.se\/blog\/2021\/11\/24\/forsenat-flyg\/\" \/>\n<meta property=\"og:site_name\" content=\"Kundeservice Corendon (SE)\" \/>\n<meta property=\"article:published_time\" content=\"2021-11-24T18:32:05+00:00\" \/>\n<meta property=\"article:modified_time\" content=\"2026-04-27T10:31:03+00:00\" \/>\n<meta name=\"author\" content=\"Deniz jensen\" \/>\n<meta name=\"twitter:card\" content=\"summary_large_image\" \/>\n<meta name=\"twitter:label1\" content=\"Written by\" \/>\n\t<meta name=\"twitter:data1\" content=\"Deniz jensen\" \/>\n\t<meta name=\"twitter:label2\" content=\"Est. reading time\" \/>\n\t<meta name=\"twitter:data2\" content=\"1 minute\" \/>\n<script type=\"application\/ld+json\" class=\"yoast-schema-graph\">{\"@context\":\"https:\/\/schema.org\",\"@graph\":[{\"@type\":\"WebPage\",\"@id\":\"https:\/\/kundservice.corendon.se\/blog\/2021\/11\/24\/forsenat-flyg\/\",\"url\":\"https:\/\/kundservice.corendon.se\/blog\/2021\/11\/24\/forsenat-flyg\/\",\"name\":\"F\u00f6rsenat flyg - Kundeservice Corendon (SE)\",\"isPartOf\":{\"@id\":\"https:\/\/kundservice.corendon.se\/#website\"},\"datePublished\":\"2021-11-24T18:32:05+00:00\",\"dateModified\":\"2026-04-27T10:31:03+00:00\",\"author\":{\"@id\":\"https:\/\/kundservice.corendon.se\/#\/schema\/person\/1b9facdfda30ae1f4592a6820b7b3c2d\"},\"breadcrumb\":{\"@id\":\"https:\/\/kundservice.corendon.se\/blog\/2021\/11\/24\/forsenat-flyg\/#breadcrumb\"},\"inLanguage\":\"sv-SE\",\"potentialAction\":[{\"@type\":\"ReadAction\",\"target\":[\"https:\/\/kundservice.corendon.se\/blog\/2021\/11\/24\/forsenat-flyg\/\"]}]},{\"@type\":\"BreadcrumbList\",\"@id\":\"https:\/\/kundservice.corendon.se\/blog\/2021\/11\/24\/forsenat-flyg\/#breadcrumb\",\"itemListElement\":[{\"@type\":\"ListItem\",\"position\":1,\"name\":\"Home\",\"item\":\"https:\/\/kundservice.corendon.se\/\"},{\"@type\":\"ListItem\",\"position\":2,\"name\":\"F\u00f6rsenat flyg\"}]},{\"@type\":\"WebSite\",\"@id\":\"https:\/\/kundservice.corendon.se\/#website\",\"url\":\"https:\/\/kundservice.corendon.se\/\",\"name\":\"Kundeservice Corendon (SE)\",\"description\":\"Her finder du svar p\u00e5 sp\u00f8rgsm\u00e5l om din ferie med Corendon\",\"potentialAction\":[{\"@type\":\"SearchAction\",\"target\":{\"@type\":\"EntryPoint\",\"urlTemplate\":\"https:\/\/kundservice.corendon.se\/?s={search_term_string}\"},\"query-input\":{\"@type\":\"PropertyValueSpecification\",\"valueRequired\":true,\"valueName\":\"search_term_string\"}}],\"inLanguage\":\"sv-SE\"},{\"@type\":\"Person\",\"@id\":\"https:\/\/kundservice.corendon.se\/#\/schema\/person\/1b9facdfda30ae1f4592a6820b7b3c2d\",\"name\":\"Deniz jensen\",\"image\":{\"@type\":\"ImageObject\",\"inLanguage\":\"sv-SE\",\"@id\":\"https:\/\/kundservice.corendon.se\/#\/schema\/person\/image\/\",\"url\":\"https:\/\/secure.gravatar.com\/avatar\/379718f10245a298f9150cd0419dc88b5b9a0b25979762bd07c975c4842c7afa?s=96&d=mm&r=g\",\"contentUrl\":\"https:\/\/secure.gravatar.com\/avatar\/379718f10245a298f9150cd0419dc88b5b9a0b25979762bd07c975c4842c7afa?s=96&d=mm&r=g\",\"caption\":\"Deniz jensen\"},\"url\":\"https:\/\/kundservice.corendon.se\/blog\/author\/deniz\/\"}]}<\/script>\n<!-- \/ Yoast SEO plugin. -->","yoast_head_json":{"title":"F\u00f6rsenat flyg - Kundeservice Corendon (SE)","robots":{"index":"index","follow":"follow","max-snippet":"max-snippet:-1","max-image-preview":"max-image-preview:large","max-video-preview":"max-video-preview:-1"},"canonical":"https:\/\/kundservice.corendon.se\/blog\/2021\/11\/24\/forsenat-flyg\/","og_locale":"sv_SE","og_type":"article","og_title":"F\u00f6rsenat flyg - Kundeservice Corendon (SE)","og_description":"Det kan f\u00f6rekomma \u00e4ndringar eller f\u00f6rseningar p\u00e5 flygresan, b\u00e5de p\u00e5 ut- och hemresan. I de s\u00e4llsynta fall d\u00e5 detta intr\u00e4ffar kommer vi, i samarbete med flygplatspersonalen och flygbolaget, att hantera situationen s\u00e5 att det medf\u00f6r minsta m\u00f6jliga besv\u00e4r f\u00f6r v\u00e5ra g\u00e4ster. Corendon ansvarar inte f\u00f6r eventuella f\u00f6ljdverkningar, s\u00e5som missade anslutningar med kollektivtrafik, parkeringskostnader och personliga [&hellip;]","og_url":"https:\/\/kundservice.corendon.se\/blog\/2021\/11\/24\/forsenat-flyg\/","og_site_name":"Kundeservice Corendon (SE)","article_published_time":"2021-11-24T18:32:05+00:00","article_modified_time":"2026-04-27T10:31:03+00:00","author":"Deniz jensen","twitter_card":"summary_large_image","twitter_misc":{"Written by":"Deniz jensen","Est. reading time":"1 minute"},"schema":{"@context":"https:\/\/schema.org","@graph":[{"@type":"WebPage","@id":"https:\/\/kundservice.corendon.se\/blog\/2021\/11\/24\/forsenat-flyg\/","url":"https:\/\/kundservice.corendon.se\/blog\/2021\/11\/24\/forsenat-flyg\/","name":"F\u00f6rsenat flyg - Kundeservice Corendon (SE)","isPartOf":{"@id":"https:\/\/kundservice.corendon.se\/#website"},"datePublished":"2021-11-24T18:32:05+00:00","dateModified":"2026-04-27T10:31:03+00:00","author":{"@id":"https:\/\/kundservice.corendon.se\/#\/schema\/person\/1b9facdfda30ae1f4592a6820b7b3c2d"},"breadcrumb":{"@id":"https:\/\/kundservice.corendon.se\/blog\/2021\/11\/24\/forsenat-flyg\/#breadcrumb"},"inLanguage":"sv-SE","potentialAction":[{"@type":"ReadAction","target":["https:\/\/kundservice.corendon.se\/blog\/2021\/11\/24\/forsenat-flyg\/"]}]},{"@type":"BreadcrumbList","@id":"https:\/\/kundservice.corendon.se\/blog\/2021\/11\/24\/forsenat-flyg\/#breadcrumb","itemListElement":[{"@type":"ListItem","position":1,"name":"Home","item":"https:\/\/kundservice.corendon.se\/"},{"@type":"ListItem","position":2,"name":"F\u00f6rsenat flyg"}]},{"@type":"WebSite","@id":"https:\/\/kundservice.corendon.se\/#website","url":"https:\/\/kundservice.corendon.se\/","name":"Kundeservice Corendon (SE)","description":"Her finder du svar p\u00e5 sp\u00f8rgsm\u00e5l om din ferie med Corendon","potentialAction":[{"@type":"SearchAction","target":{"@type":"EntryPoint","urlTemplate":"https:\/\/kundservice.corendon.se\/?s={search_term_string}"},"query-input":{"@type":"PropertyValueSpecification","valueRequired":true,"valueName":"search_term_string"}}],"inLanguage":"sv-SE"},{"@type":"Person","@id":"https:\/\/kundservice.corendon.se\/#\/schema\/person\/1b9facdfda30ae1f4592a6820b7b3c2d","name":"Deniz jensen","image":{"@type":"ImageObject","inLanguage":"sv-SE","@id":"https:\/\/kundservice.corendon.se\/#\/schema\/person\/image\/","url":"https:\/\/secure.gravatar.com\/avatar\/379718f10245a298f9150cd0419dc88b5b9a0b25979762bd07c975c4842c7afa?s=96&d=mm&r=g","contentUrl":"https:\/\/secure.gravatar.com\/avatar\/379718f10245a298f9150cd0419dc88b5b9a0b25979762bd07c975c4842c7afa?s=96&d=mm&r=g","caption":"Deniz jensen"},"url":"https:\/\/kundservice.corendon.se\/blog\/author\/deniz\/"}]}},"_links":{"self":[{"href":"https:\/\/kundservice.corendon.se\/wp-json\/wp\/v2\/posts\/2733","targetHints":{"allow":["GET"]}}],"collection":[{"href":"https:\/\/kundservice.corendon.se\/wp-json\/wp\/v2\/posts"}],"about":[{"href":"https:\/\/kundservice.corendon.se\/wp-json\/wp\/v2\/types\/post"}],"author":[{"embeddable":true,"href":"https:\/\/kundservice.corendon.se\/wp-json\/wp\/v2\/users\/20"}],"replies":[{"embeddable":true,"href":"https:\/\/kundservice.corendon.se\/wp-json\/wp\/v2\/comments?post=2733"}],"version-history":[{"count":4,"href":"https:\/\/kundservice.corendon.se\/wp-json\/wp\/v2\/posts\/2733\/revisions"}],"predecessor-version":[{"id":2831,"href":"https:\/\/kundservice.corendon.se\/wp-json\/wp\/v2\/posts\/2733\/revisions\/2831"}],"wp:attachment":[{"href":"https:\/\/kundservice.corendon.se\/wp-json\/wp\/v2\/media?parent=2733"}],"wp:term":[{"taxonomy":"category","embeddable":true,"href":"https:\/\/kundservice.corendon.se\/wp-json\/wp\/v2\/categories?post=2733"},{"taxonomy":"post_tag","embeddable":true,"href":"https:\/\/kundservice.corendon.se\/wp-json\/wp\/v2\/tags?post=2733"}],"curies":[{"name":"wp","href":"https:\/\/api.w.org\/{rel}","templated":true}]}}