{"id":2721,"date":"2021-11-24T19:29:40","date_gmt":"2021-11-24T18:29:40","guid":{"rendered":"https:\/\/kundservice.corendon.se\/?p=2721"},"modified":"2026-04-27T12:34:24","modified_gmt":"2026-04-27T11:34:24","slug":"incheckat-bagage","status":"publish","type":"post","link":"https:\/\/kundservice.corendon.se\/blog\/2021\/11\/24\/incheckat-bagage\/","title":{"rendered":"Incheckat bagage"},"content":{"rendered":"<p>Alla resor hos Corendon inkluderar inte incheckat bagage, vilket m\u00e5ste k\u00f6pas till. Du kan k\u00f6pa till incheckat bagage n\u00e4r du bokar online eller genom att kontakta v\u00e5ra resekonsulter f\u00f6re avresan. Regler och priser f\u00f6r incheckat bagage varierar mellan olika flygbolag. Priset visas n\u00e4r du l\u00e4gger till incheckat bagage i bokningen.<\/p>\n<p>Det \u00e4r m\u00f6jligt att ta med en barnvagn per barn gratis p\u00e5 flygresan f\u00f6r barn under 2 \u00e5r. Oftast kan en l\u00e4tt hopf\u00e4llbar barnvagn\/sulky tas med till gaten, men det \u00e4r incheckningspersonalen som avg\u00f6r detta. Alla andra (icke hopf\u00e4llbara) barnvagnar och klappvagnar kan checkas in gratis som incheckat bagage vid incheckningsdisken. Om din hopf\u00e4llbara barnvagn\/sulky best\u00e5r av tv\u00e5 delar m\u00e5ste du checka in detta i sin helhet. Om en av delarna \u00e4r en klickbar (bil-)stol\/Maxi-Cosi p\u00e5 upp till 7 kg f\u00e5r du endast ta med (bil-)stolen\/Maxi-Cosi till gaten. Du checkar d\u00e5 endast in stolen. Vid ankomsten till flygplatsen h\u00e4mtar du barnvagnen, sulkyn eller Maxi-Cosi vid bagagebandet f\u00f6r stort bagage. Observera att du inte f\u00e5r den direkt vid gaten. Vi rekommenderar att du packar ihop barnvagnen\/sittvagnen ordentligt f\u00f6re incheckningen. <\/p>\n<p>Rullstol och rullator kan checkas in utan extra kostnad och accepteras ut\u00f6ver det normala till\u00e5tna incheckade bagaget. Det \u00e4r viktigt att du meddelar oss s\u00e5 snart som m\u00f6jligt om du tar med dig din egen rullstol eller rullator, s\u00e5 att vi kan informera flygbolaget. Vid kontakt m\u00e5ste vi f\u00e5 information om typen av stol\/rullator, l\u00e4ngd, bredd, h\u00f6jd och vikt.<\/p>\n","protected":false},"excerpt":{"rendered":"<p>Alla resor hos Corendon inkluderar inte incheckat bagage, vilket m\u00e5ste k\u00f6pas till. Du kan k\u00f6pa till incheckat bagage n\u00e4r du bokar online eller genom att kontakta v\u00e5ra resekonsulter f\u00f6re avresan. Regler och priser f\u00f6r incheckat bagage varierar mellan olika flygbolag. Priset visas n\u00e4r du l\u00e4gger till incheckat bagage i bokningen. Det \u00e4r m\u00f6jligt att ta [&hellip;]<\/p>\n","protected":false},"author":20,"featured_media":0,"comment_status":"closed","ping_status":"closed","sticky":false,"template":"","format":"standard","meta":{"footnotes":""},"categories":[12],"tags":[],"class_list":["post-2721","post","type-post","status-publish","format-standard","hentry","category-flygresan"],"yoast_head":"<!-- This site is optimized with the Yoast SEO plugin v26.0 - https:\/\/yoast.com\/wordpress\/plugins\/seo\/ -->\n<title>Incheckat bagage - Kundeservice Corendon (SE)<\/title>\n<meta name=\"robots\" content=\"index, follow, max-snippet:-1, max-image-preview:large, max-video-preview:-1\" \/>\n<link rel=\"canonical\" href=\"https:\/\/kundservice.corendon.se\/blog\/2021\/11\/24\/incheckat-bagage\/\" \/>\n<meta property=\"og:locale\" content=\"sv_SE\" \/>\n<meta property=\"og:type\" content=\"article\" \/>\n<meta property=\"og:title\" content=\"Incheckat bagage - Kundeservice Corendon (SE)\" \/>\n<meta property=\"og:description\" content=\"Alla resor hos Corendon inkluderar inte incheckat bagage, vilket m\u00e5ste k\u00f6pas till. Du kan k\u00f6pa till incheckat bagage n\u00e4r du bokar online eller genom att kontakta v\u00e5ra resekonsulter f\u00f6re avresan. Regler och priser f\u00f6r incheckat bagage varierar mellan olika flygbolag. Priset visas n\u00e4r du l\u00e4gger till incheckat bagage i bokningen. Det \u00e4r m\u00f6jligt att ta [&hellip;]\" \/>\n<meta property=\"og:url\" content=\"https:\/\/kundservice.corendon.se\/blog\/2021\/11\/24\/incheckat-bagage\/\" \/>\n<meta property=\"og:site_name\" content=\"Kundeservice Corendon (SE)\" \/>\n<meta property=\"article:published_time\" content=\"2021-11-24T18:29:40+00:00\" \/>\n<meta property=\"article:modified_time\" content=\"2026-04-27T11:34:24+00:00\" \/>\n<meta name=\"author\" content=\"Deniz jensen\" \/>\n<meta name=\"twitter:card\" content=\"summary_large_image\" \/>\n<meta name=\"twitter:label1\" content=\"Written by\" \/>\n\t<meta name=\"twitter:data1\" content=\"Deniz jensen\" \/>\n\t<meta name=\"twitter:label2\" content=\"Est. reading time\" \/>\n\t<meta name=\"twitter:data2\" content=\"2 minutes\" \/>\n<script type=\"application\/ld+json\" class=\"yoast-schema-graph\">{\"@context\":\"https:\/\/schema.org\",\"@graph\":[{\"@type\":\"WebPage\",\"@id\":\"https:\/\/kundservice.corendon.se\/blog\/2021\/11\/24\/incheckat-bagage\/\",\"url\":\"https:\/\/kundservice.corendon.se\/blog\/2021\/11\/24\/incheckat-bagage\/\",\"name\":\"Incheckat bagage - Kundeservice Corendon (SE)\",\"isPartOf\":{\"@id\":\"https:\/\/kundservice.corendon.se\/#website\"},\"datePublished\":\"2021-11-24T18:29:40+00:00\",\"dateModified\":\"2026-04-27T11:34:24+00:00\",\"author\":{\"@id\":\"https:\/\/kundservice.corendon.se\/#\/schema\/person\/1b9facdfda30ae1f4592a6820b7b3c2d\"},\"breadcrumb\":{\"@id\":\"https:\/\/kundservice.corendon.se\/blog\/2021\/11\/24\/incheckat-bagage\/#breadcrumb\"},\"inLanguage\":\"sv-SE\",\"potentialAction\":[{\"@type\":\"ReadAction\",\"target\":[\"https:\/\/kundservice.corendon.se\/blog\/2021\/11\/24\/incheckat-bagage\/\"]}]},{\"@type\":\"BreadcrumbList\",\"@id\":\"https:\/\/kundservice.corendon.se\/blog\/2021\/11\/24\/incheckat-bagage\/#breadcrumb\",\"itemListElement\":[{\"@type\":\"ListItem\",\"position\":1,\"name\":\"Home\",\"item\":\"https:\/\/kundservice.corendon.se\/\"},{\"@type\":\"ListItem\",\"position\":2,\"name\":\"Incheckat bagage\"}]},{\"@type\":\"WebSite\",\"@id\":\"https:\/\/kundservice.corendon.se\/#website\",\"url\":\"https:\/\/kundservice.corendon.se\/\",\"name\":\"Kundeservice Corendon (SE)\",\"description\":\"Her finder du svar p\u00e5 sp\u00f8rgsm\u00e5l om din ferie med Corendon\",\"potentialAction\":[{\"@type\":\"SearchAction\",\"target\":{\"@type\":\"EntryPoint\",\"urlTemplate\":\"https:\/\/kundservice.corendon.se\/?s={search_term_string}\"},\"query-input\":{\"@type\":\"PropertyValueSpecification\",\"valueRequired\":true,\"valueName\":\"search_term_string\"}}],\"inLanguage\":\"sv-SE\"},{\"@type\":\"Person\",\"@id\":\"https:\/\/kundservice.corendon.se\/#\/schema\/person\/1b9facdfda30ae1f4592a6820b7b3c2d\",\"name\":\"Deniz jensen\",\"image\":{\"@type\":\"ImageObject\",\"inLanguage\":\"sv-SE\",\"@id\":\"https:\/\/kundservice.corendon.se\/#\/schema\/person\/image\/\",\"url\":\"https:\/\/secure.gravatar.com\/avatar\/379718f10245a298f9150cd0419dc88b5b9a0b25979762bd07c975c4842c7afa?s=96&d=mm&r=g\",\"contentUrl\":\"https:\/\/secure.gravatar.com\/avatar\/379718f10245a298f9150cd0419dc88b5b9a0b25979762bd07c975c4842c7afa?s=96&d=mm&r=g\",\"caption\":\"Deniz jensen\"},\"url\":\"https:\/\/kundservice.corendon.se\/blog\/author\/deniz\/\"}]}<\/script>\n<!-- \/ Yoast SEO plugin. -->","yoast_head_json":{"title":"Incheckat bagage - Kundeservice Corendon (SE)","robots":{"index":"index","follow":"follow","max-snippet":"max-snippet:-1","max-image-preview":"max-image-preview:large","max-video-preview":"max-video-preview:-1"},"canonical":"https:\/\/kundservice.corendon.se\/blog\/2021\/11\/24\/incheckat-bagage\/","og_locale":"sv_SE","og_type":"article","og_title":"Incheckat bagage - Kundeservice Corendon (SE)","og_description":"Alla resor hos Corendon inkluderar inte incheckat bagage, vilket m\u00e5ste k\u00f6pas till. Du kan k\u00f6pa till incheckat bagage n\u00e4r du bokar online eller genom att kontakta v\u00e5ra resekonsulter f\u00f6re avresan. Regler och priser f\u00f6r incheckat bagage varierar mellan olika flygbolag. Priset visas n\u00e4r du l\u00e4gger till incheckat bagage i bokningen. Det \u00e4r m\u00f6jligt att ta [&hellip;]","og_url":"https:\/\/kundservice.corendon.se\/blog\/2021\/11\/24\/incheckat-bagage\/","og_site_name":"Kundeservice Corendon (SE)","article_published_time":"2021-11-24T18:29:40+00:00","article_modified_time":"2026-04-27T11:34:24+00:00","author":"Deniz jensen","twitter_card":"summary_large_image","twitter_misc":{"Written by":"Deniz jensen","Est. reading time":"2 minutes"},"schema":{"@context":"https:\/\/schema.org","@graph":[{"@type":"WebPage","@id":"https:\/\/kundservice.corendon.se\/blog\/2021\/11\/24\/incheckat-bagage\/","url":"https:\/\/kundservice.corendon.se\/blog\/2021\/11\/24\/incheckat-bagage\/","name":"Incheckat bagage - Kundeservice Corendon (SE)","isPartOf":{"@id":"https:\/\/kundservice.corendon.se\/#website"},"datePublished":"2021-11-24T18:29:40+00:00","dateModified":"2026-04-27T11:34:24+00:00","author":{"@id":"https:\/\/kundservice.corendon.se\/#\/schema\/person\/1b9facdfda30ae1f4592a6820b7b3c2d"},"breadcrumb":{"@id":"https:\/\/kundservice.corendon.se\/blog\/2021\/11\/24\/incheckat-bagage\/#breadcrumb"},"inLanguage":"sv-SE","potentialAction":[{"@type":"ReadAction","target":["https:\/\/kundservice.corendon.se\/blog\/2021\/11\/24\/incheckat-bagage\/"]}]},{"@type":"BreadcrumbList","@id":"https:\/\/kundservice.corendon.se\/blog\/2021\/11\/24\/incheckat-bagage\/#breadcrumb","itemListElement":[{"@type":"ListItem","position":1,"name":"Home","item":"https:\/\/kundservice.corendon.se\/"},{"@type":"ListItem","position":2,"name":"Incheckat bagage"}]},{"@type":"WebSite","@id":"https:\/\/kundservice.corendon.se\/#website","url":"https:\/\/kundservice.corendon.se\/","name":"Kundeservice Corendon (SE)","description":"Her finder du svar p\u00e5 sp\u00f8rgsm\u00e5l om din ferie med Corendon","potentialAction":[{"@type":"SearchAction","target":{"@type":"EntryPoint","urlTemplate":"https:\/\/kundservice.corendon.se\/?s={search_term_string}"},"query-input":{"@type":"PropertyValueSpecification","valueRequired":true,"valueName":"search_term_string"}}],"inLanguage":"sv-SE"},{"@type":"Person","@id":"https:\/\/kundservice.corendon.se\/#\/schema\/person\/1b9facdfda30ae1f4592a6820b7b3c2d","name":"Deniz jensen","image":{"@type":"ImageObject","inLanguage":"sv-SE","@id":"https:\/\/kundservice.corendon.se\/#\/schema\/person\/image\/","url":"https:\/\/secure.gravatar.com\/avatar\/379718f10245a298f9150cd0419dc88b5b9a0b25979762bd07c975c4842c7afa?s=96&d=mm&r=g","contentUrl":"https:\/\/secure.gravatar.com\/avatar\/379718f10245a298f9150cd0419dc88b5b9a0b25979762bd07c975c4842c7afa?s=96&d=mm&r=g","caption":"Deniz jensen"},"url":"https:\/\/kundservice.corendon.se\/blog\/author\/deniz\/"}]}},"_links":{"self":[{"href":"https:\/\/kundservice.corendon.se\/wp-json\/wp\/v2\/posts\/2721","targetHints":{"allow":["GET"]}}],"collection":[{"href":"https:\/\/kundservice.corendon.se\/wp-json\/wp\/v2\/posts"}],"about":[{"href":"https:\/\/kundservice.corendon.se\/wp-json\/wp\/v2\/types\/post"}],"author":[{"embeddable":true,"href":"https:\/\/kundservice.corendon.se\/wp-json\/wp\/v2\/users\/20"}],"replies":[{"embeddable":true,"href":"https:\/\/kundservice.corendon.se\/wp-json\/wp\/v2\/comments?post=2721"}],"version-history":[{"count":6,"href":"https:\/\/kundservice.corendon.se\/wp-json\/wp\/v2\/posts\/2721\/revisions"}],"predecessor-version":[{"id":2844,"href":"https:\/\/kundservice.corendon.se\/wp-json\/wp\/v2\/posts\/2721\/revisions\/2844"}],"wp:attachment":[{"href":"https:\/\/kundservice.corendon.se\/wp-json\/wp\/v2\/media?parent=2721"}],"wp:term":[{"taxonomy":"category","embeddable":true,"href":"https:\/\/kundservice.corendon.se\/wp-json\/wp\/v2\/categories?post=2721"},{"taxonomy":"post_tag","embeddable":true,"href":"https:\/\/kundservice.corendon.se\/wp-json\/wp\/v2\/tags?post=2721"}],"curies":[{"name":"wp","href":"https:\/\/api.w.org\/{rel}","templated":true}]}}