{"id":2715,"date":"2021-11-24T19:28:13","date_gmt":"2021-11-24T18:28:13","guid":{"rendered":"https:\/\/kundservice.corendon.se\/?p=2715"},"modified":"2026-04-27T12:55:11","modified_gmt":"2026-04-27T11:55:11","slug":"barn-under-2-ar-baby","status":"publish","type":"post","link":"https:\/\/kundservice.corendon.se\/blog\/2021\/11\/24\/barn-under-2-ar-baby\/","title":{"rendered":"Barn under 2 \u00e5r \/ Baby"},"content":{"rendered":"<p>Barn under 2 \u00e5r har inte n\u00e5gon egen sittplats p\u00e5 flygresan.<\/p>\n<p>Du f\u00e5r g\u00e4rna ta med barnmat ombord p\u00e5 flygplanet n\u00e4r du reser med sm\u00e5 barn.<\/p>\n<p>Av s\u00e4kerhetssk\u00e4l f\u00e5r barn inte sitta vid n\u00f6dutg\u00e5ngen.<\/p>\n<p>Alla barn m\u00e5ste ha ett eget pass.<\/p>\n<p>Om du reser med barn under 2 \u00e5r \u00e4r det m\u00f6jligt att ta med en sulky\/barnvagn utan extra kostnad p\u00e5 flygresan. Dessutom kan du ta med det mest n\u00f6dv\u00e4ndiga, s\u00e5som bl\u00f6jor, mat osv. Oftast g\u00e5r det att ta med en l\u00e4tt hopf\u00e4llbar barnvagn\/sulky till gaten. Det \u00e4r upp till incheckningspersonalen att avg\u00f6ra om du kan g\u00f6ra detta. Alla andra (icke hopf\u00e4llbara) barnvagnar och klappvagnar kan checkas in gratis som incheckat bagage vid incheckningsdisken. Om din sulky best\u00e5r av tv\u00e5 delar m\u00e5ste du checka in den i sin helhet. Om en av delarna \u00e4r en klickbar (bil-)stol\/Maxi-Cosi p\u00e5 upp till 7 kg f\u00e5r du endast ta med (bil-)stolen\/Maxi-Cosi till gaten. Du checkar d\u00e5 endast in stolen. Vid ankomsten till flygplatsen h\u00e4mtar du barnvagnen, sulkyn eller Maxi-Cosi vid bagagebandet f\u00f6r stort bagage. Observera att du inte f\u00e5r den vid gaten. Vi rekommenderar att du packar ihop barnvagnen\/sittvagnen ordentligt f\u00f6re incheckningen.<\/p>\n","protected":false},"excerpt":{"rendered":"<p>Barn under 2 \u00e5r har inte n\u00e5gon egen sittplats p\u00e5 flygresan. Du f\u00e5r g\u00e4rna ta med barnmat ombord p\u00e5 flygplanet n\u00e4r du reser med sm\u00e5 barn. Av s\u00e4kerhetssk\u00e4l f\u00e5r barn inte sitta vid n\u00f6dutg\u00e5ngen. Alla barn m\u00e5ste ha ett eget pass. Om du reser med barn under 2 \u00e5r \u00e4r det m\u00f6jligt att ta med [&hellip;]<\/p>\n","protected":false},"author":20,"featured_media":0,"comment_status":"closed","ping_status":"closed","sticky":false,"template":"","format":"standard","meta":{"footnotes":""},"categories":[12],"tags":[],"class_list":["post-2715","post","type-post","status-publish","format-standard","hentry","category-flygresan"],"yoast_head":"<!-- This site is optimized with the Yoast SEO plugin v26.0 - https:\/\/yoast.com\/wordpress\/plugins\/seo\/ -->\n<title>Barn under 2 \u00e5r \/ Baby - Kundeservice Corendon (SE)<\/title>\n<meta name=\"robots\" content=\"index, follow, max-snippet:-1, max-image-preview:large, max-video-preview:-1\" \/>\n<link rel=\"canonical\" href=\"https:\/\/kundservice.corendon.se\/blog\/2021\/11\/24\/barn-under-2-ar-baby\/\" \/>\n<meta property=\"og:locale\" content=\"sv_SE\" \/>\n<meta property=\"og:type\" content=\"article\" \/>\n<meta property=\"og:title\" content=\"Barn under 2 \u00e5r \/ Baby - Kundeservice Corendon (SE)\" \/>\n<meta property=\"og:description\" content=\"Barn under 2 \u00e5r har inte n\u00e5gon egen sittplats p\u00e5 flygresan. Du f\u00e5r g\u00e4rna ta med barnmat ombord p\u00e5 flygplanet n\u00e4r du reser med sm\u00e5 barn. Av s\u00e4kerhetssk\u00e4l f\u00e5r barn inte sitta vid n\u00f6dutg\u00e5ngen. Alla barn m\u00e5ste ha ett eget pass. Om du reser med barn under 2 \u00e5r \u00e4r det m\u00f6jligt att ta med [&hellip;]\" \/>\n<meta property=\"og:url\" content=\"https:\/\/kundservice.corendon.se\/blog\/2021\/11\/24\/barn-under-2-ar-baby\/\" \/>\n<meta property=\"og:site_name\" content=\"Kundeservice Corendon (SE)\" \/>\n<meta property=\"article:published_time\" content=\"2021-11-24T18:28:13+00:00\" \/>\n<meta property=\"article:modified_time\" content=\"2026-04-27T11:55:11+00:00\" \/>\n<meta name=\"author\" content=\"Deniz jensen\" \/>\n<meta name=\"twitter:card\" content=\"summary_large_image\" \/>\n<meta name=\"twitter:label1\" content=\"Written by\" \/>\n\t<meta name=\"twitter:data1\" content=\"Deniz jensen\" \/>\n\t<meta name=\"twitter:label2\" content=\"Est. reading time\" \/>\n\t<meta name=\"twitter:data2\" content=\"1 minute\" \/>\n<script type=\"application\/ld+json\" class=\"yoast-schema-graph\">{\"@context\":\"https:\/\/schema.org\",\"@graph\":[{\"@type\":\"WebPage\",\"@id\":\"https:\/\/kundservice.corendon.se\/blog\/2021\/11\/24\/barn-under-2-ar-baby\/\",\"url\":\"https:\/\/kundservice.corendon.se\/blog\/2021\/11\/24\/barn-under-2-ar-baby\/\",\"name\":\"Barn under 2 \u00e5r \/ Baby - Kundeservice Corendon (SE)\",\"isPartOf\":{\"@id\":\"https:\/\/kundservice.corendon.se\/#website\"},\"datePublished\":\"2021-11-24T18:28:13+00:00\",\"dateModified\":\"2026-04-27T11:55:11+00:00\",\"author\":{\"@id\":\"https:\/\/kundservice.corendon.se\/#\/schema\/person\/1b9facdfda30ae1f4592a6820b7b3c2d\"},\"breadcrumb\":{\"@id\":\"https:\/\/kundservice.corendon.se\/blog\/2021\/11\/24\/barn-under-2-ar-baby\/#breadcrumb\"},\"inLanguage\":\"sv-SE\",\"potentialAction\":[{\"@type\":\"ReadAction\",\"target\":[\"https:\/\/kundservice.corendon.se\/blog\/2021\/11\/24\/barn-under-2-ar-baby\/\"]}]},{\"@type\":\"BreadcrumbList\",\"@id\":\"https:\/\/kundservice.corendon.se\/blog\/2021\/11\/24\/barn-under-2-ar-baby\/#breadcrumb\",\"itemListElement\":[{\"@type\":\"ListItem\",\"position\":1,\"name\":\"Home\",\"item\":\"https:\/\/kundservice.corendon.se\/\"},{\"@type\":\"ListItem\",\"position\":2,\"name\":\"Barn under 2 \u00e5r \/ Baby\"}]},{\"@type\":\"WebSite\",\"@id\":\"https:\/\/kundservice.corendon.se\/#website\",\"url\":\"https:\/\/kundservice.corendon.se\/\",\"name\":\"Kundeservice Corendon (SE)\",\"description\":\"Her finder du svar p\u00e5 sp\u00f8rgsm\u00e5l om din ferie med Corendon\",\"potentialAction\":[{\"@type\":\"SearchAction\",\"target\":{\"@type\":\"EntryPoint\",\"urlTemplate\":\"https:\/\/kundservice.corendon.se\/?s={search_term_string}\"},\"query-input\":{\"@type\":\"PropertyValueSpecification\",\"valueRequired\":true,\"valueName\":\"search_term_string\"}}],\"inLanguage\":\"sv-SE\"},{\"@type\":\"Person\",\"@id\":\"https:\/\/kundservice.corendon.se\/#\/schema\/person\/1b9facdfda30ae1f4592a6820b7b3c2d\",\"name\":\"Deniz jensen\",\"image\":{\"@type\":\"ImageObject\",\"inLanguage\":\"sv-SE\",\"@id\":\"https:\/\/kundservice.corendon.se\/#\/schema\/person\/image\/\",\"url\":\"https:\/\/secure.gravatar.com\/avatar\/379718f10245a298f9150cd0419dc88b5b9a0b25979762bd07c975c4842c7afa?s=96&d=mm&r=g\",\"contentUrl\":\"https:\/\/secure.gravatar.com\/avatar\/379718f10245a298f9150cd0419dc88b5b9a0b25979762bd07c975c4842c7afa?s=96&d=mm&r=g\",\"caption\":\"Deniz jensen\"},\"url\":\"https:\/\/kundservice.corendon.se\/blog\/author\/deniz\/\"}]}<\/script>\n<!-- \/ Yoast SEO plugin. -->","yoast_head_json":{"title":"Barn under 2 \u00e5r \/ Baby - Kundeservice Corendon (SE)","robots":{"index":"index","follow":"follow","max-snippet":"max-snippet:-1","max-image-preview":"max-image-preview:large","max-video-preview":"max-video-preview:-1"},"canonical":"https:\/\/kundservice.corendon.se\/blog\/2021\/11\/24\/barn-under-2-ar-baby\/","og_locale":"sv_SE","og_type":"article","og_title":"Barn under 2 \u00e5r \/ Baby - Kundeservice Corendon (SE)","og_description":"Barn under 2 \u00e5r har inte n\u00e5gon egen sittplats p\u00e5 flygresan. Du f\u00e5r g\u00e4rna ta med barnmat ombord p\u00e5 flygplanet n\u00e4r du reser med sm\u00e5 barn. Av s\u00e4kerhetssk\u00e4l f\u00e5r barn inte sitta vid n\u00f6dutg\u00e5ngen. Alla barn m\u00e5ste ha ett eget pass. Om du reser med barn under 2 \u00e5r \u00e4r det m\u00f6jligt att ta med [&hellip;]","og_url":"https:\/\/kundservice.corendon.se\/blog\/2021\/11\/24\/barn-under-2-ar-baby\/","og_site_name":"Kundeservice Corendon (SE)","article_published_time":"2021-11-24T18:28:13+00:00","article_modified_time":"2026-04-27T11:55:11+00:00","author":"Deniz jensen","twitter_card":"summary_large_image","twitter_misc":{"Written by":"Deniz jensen","Est. reading time":"1 minute"},"schema":{"@context":"https:\/\/schema.org","@graph":[{"@type":"WebPage","@id":"https:\/\/kundservice.corendon.se\/blog\/2021\/11\/24\/barn-under-2-ar-baby\/","url":"https:\/\/kundservice.corendon.se\/blog\/2021\/11\/24\/barn-under-2-ar-baby\/","name":"Barn under 2 \u00e5r \/ Baby - Kundeservice Corendon (SE)","isPartOf":{"@id":"https:\/\/kundservice.corendon.se\/#website"},"datePublished":"2021-11-24T18:28:13+00:00","dateModified":"2026-04-27T11:55:11+00:00","author":{"@id":"https:\/\/kundservice.corendon.se\/#\/schema\/person\/1b9facdfda30ae1f4592a6820b7b3c2d"},"breadcrumb":{"@id":"https:\/\/kundservice.corendon.se\/blog\/2021\/11\/24\/barn-under-2-ar-baby\/#breadcrumb"},"inLanguage":"sv-SE","potentialAction":[{"@type":"ReadAction","target":["https:\/\/kundservice.corendon.se\/blog\/2021\/11\/24\/barn-under-2-ar-baby\/"]}]},{"@type":"BreadcrumbList","@id":"https:\/\/kundservice.corendon.se\/blog\/2021\/11\/24\/barn-under-2-ar-baby\/#breadcrumb","itemListElement":[{"@type":"ListItem","position":1,"name":"Home","item":"https:\/\/kundservice.corendon.se\/"},{"@type":"ListItem","position":2,"name":"Barn under 2 \u00e5r \/ Baby"}]},{"@type":"WebSite","@id":"https:\/\/kundservice.corendon.se\/#website","url":"https:\/\/kundservice.corendon.se\/","name":"Kundeservice Corendon (SE)","description":"Her finder du svar p\u00e5 sp\u00f8rgsm\u00e5l om din ferie med Corendon","potentialAction":[{"@type":"SearchAction","target":{"@type":"EntryPoint","urlTemplate":"https:\/\/kundservice.corendon.se\/?s={search_term_string}"},"query-input":{"@type":"PropertyValueSpecification","valueRequired":true,"valueName":"search_term_string"}}],"inLanguage":"sv-SE"},{"@type":"Person","@id":"https:\/\/kundservice.corendon.se\/#\/schema\/person\/1b9facdfda30ae1f4592a6820b7b3c2d","name":"Deniz jensen","image":{"@type":"ImageObject","inLanguage":"sv-SE","@id":"https:\/\/kundservice.corendon.se\/#\/schema\/person\/image\/","url":"https:\/\/secure.gravatar.com\/avatar\/379718f10245a298f9150cd0419dc88b5b9a0b25979762bd07c975c4842c7afa?s=96&d=mm&r=g","contentUrl":"https:\/\/secure.gravatar.com\/avatar\/379718f10245a298f9150cd0419dc88b5b9a0b25979762bd07c975c4842c7afa?s=96&d=mm&r=g","caption":"Deniz jensen"},"url":"https:\/\/kundservice.corendon.se\/blog\/author\/deniz\/"}]}},"_links":{"self":[{"href":"https:\/\/kundservice.corendon.se\/wp-json\/wp\/v2\/posts\/2715","targetHints":{"allow":["GET"]}}],"collection":[{"href":"https:\/\/kundservice.corendon.se\/wp-json\/wp\/v2\/posts"}],"about":[{"href":"https:\/\/kundservice.corendon.se\/wp-json\/wp\/v2\/types\/post"}],"author":[{"embeddable":true,"href":"https:\/\/kundservice.corendon.se\/wp-json\/wp\/v2\/users\/20"}],"replies":[{"embeddable":true,"href":"https:\/\/kundservice.corendon.se\/wp-json\/wp\/v2\/comments?post=2715"}],"version-history":[{"count":4,"href":"https:\/\/kundservice.corendon.se\/wp-json\/wp\/v2\/posts\/2715\/revisions"}],"predecessor-version":[{"id":2850,"href":"https:\/\/kundservice.corendon.se\/wp-json\/wp\/v2\/posts\/2715\/revisions\/2850"}],"wp:attachment":[{"href":"https:\/\/kundservice.corendon.se\/wp-json\/wp\/v2\/media?parent=2715"}],"wp:term":[{"taxonomy":"category","embeddable":true,"href":"https:\/\/kundservice.corendon.se\/wp-json\/wp\/v2\/categories?post=2715"},{"taxonomy":"post_tag","embeddable":true,"href":"https:\/\/kundservice.corendon.se\/wp-json\/wp\/v2\/tags?post=2715"}],"curies":[{"name":"wp","href":"https:\/\/api.w.org\/{rel}","templated":true}]}}