{"id":2687,"date":"2021-11-24T19:17:34","date_gmt":"2021-11-24T18:17:34","guid":{"rendered":"https:\/\/kundservice.corendon.se\/?p=2687"},"modified":"2026-04-27T13:40:51","modified_gmt":"2026-04-27T12:40:51","slug":"vaerelsestyper","status":"publish","type":"post","link":"https:\/\/kundservice.corendon.se\/blog\/2021\/11\/24\/vaerelsestyper\/","title":{"rendered":"Rumstyper"},"content":{"rendered":"<p>Ett <strong>standardrum\/dubbelrum<\/strong> har en dubbels\u00e4ng eller tv\u00e5 separata s\u00e4ngar. Vid behov kan du ange dina \u00f6nskem\u00e5l i samband med bokningen. OBS, detta \u00e4r endast \u00f6nskem\u00e5l och ingen garanti.<\/p>\n<p>Ett <strong>enkelrum<\/strong> \u00e4r vanligtvis ett dubbelrum f\u00f6r en person. Rummet kan ibland vara mindre eller ha ett s\u00e4mre l\u00e4ge \u00e4n ett dubbelrum i samma byggnad, trots till\u00e4ggsavgiften. Vissa hotell har &#8220;riktiga&#8221; enkelrum.<\/p>\n<p>Ett dubbelrum + extras\u00e4ng \u00e4r ett standard dubbelrum med en extra s\u00e4ng. Denna extras\u00e4ng kan vara en b\u00e4ddsoffa, en hopf\u00e4llbar s\u00e4ng eller en g\u00e4sts\u00e4ng. Det kan f\u00f6rekomma begr\u00e4nsat utrymme att r\u00f6ra sig i rummet p\u00e5 grund av extras\u00e4ngen.<\/p>\n<p><strong>Ekonomirum\/-l\u00e4genheter<\/strong> motsvarar ofta de andra rummen\/l\u00e4genheterna. I vissa fall kan de skilja sig n\u00e4r det g\u00e4ller l\u00e4ge, inredning, storlek och faciliteter. Till exempel utan balkong\/terrass, ha ett annat l\u00e4ge i en annexbyggnad och\/eller sakna utsikt. P\u00e5 vissa destinationer \u00e4r ekonomirummen lika bra som standardrummen, men hotellet tar ett l\u00e4gre pris f\u00f6r ett litet antal vanliga rum. Corendon kan erbjuda dig dessa rum till ett extra l\u00e5gt pris.<\/p>\n<p>Ett fyrb\u00e4ddsrum \u00e4r ett standard dubbelrum som best\u00e5r av ett rum med tv\u00e5 extras\u00e4ngar. De tv\u00e5 extras\u00e4ngarna kan vara hopf\u00e4llbara s\u00e4ngar, b\u00e4ddsoffor, extras\u00e4ngar, v\u00e5ningss\u00e4ngar eller g\u00e4sts\u00e4ngar. Utrymmet att r\u00f6ra sig i rummet kan vara begr\u00e4nsat p\u00e5 grund av extras\u00e4ngarna.<\/p>\n<p>Ett familjerum kan best\u00e5 av tv\u00e5 separata rum med en ing\u00e5ng, tv\u00e5 angr\u00e4nsande rum med en f\u00f6rbindelsed\u00f6rr, ett stort rum eller ett dubbelrum. Den tredje s\u00e4ngen kan vara hopf\u00e4llbar s\u00e4ng, b\u00e4ddsoffa, extras\u00e4ng, v\u00e5ningss\u00e4ng eller g\u00e4sts\u00e4ng.<\/p>\n<p>En studiol\u00e4genhet best\u00e5r av ett vardags-\/sovutrymme med pentry samt ett separat badrum.<\/p>\n<p>En tv\u00e5rumsl\u00e4genhet best\u00e5r av ett vardagsrum\/sovrum (ofta med b\u00e4ddsoffor), ett sovrum, ett \u00f6ppet k\u00f6k eller pentry samt ett badrum.<\/p>\n<p>En trerumsl\u00e4genhet har ytterligare ett sovrum. K\u00f6ksutrustningen \u00e4r ofta begr\u00e4nsad.<\/p>\n","protected":false},"excerpt":{"rendered":"<p>Ett standardrum\/dubbelrum har en dubbels\u00e4ng eller tv\u00e5 separata s\u00e4ngar. Vid behov kan du ange dina \u00f6nskem\u00e5l i samband med bokningen. OBS, detta \u00e4r endast \u00f6nskem\u00e5l och ingen garanti. Ett enkelrum \u00e4r vanligtvis ett dubbelrum f\u00f6r en person. Rummet kan ibland vara mindre eller ha ett s\u00e4mre l\u00e4ge \u00e4n ett dubbelrum i samma byggnad, trots till\u00e4ggsavgiften. [&hellip;]<\/p>\n","protected":false},"author":20,"featured_media":0,"comment_status":"closed","ping_status":"closed","sticky":false,"template":"","format":"standard","meta":{"footnotes":""},"categories":[13],"tags":[],"class_list":["post-2687","post","type-post","status-publish","format-standard","hentry","category-hotellet"],"yoast_head":"<!-- This site is optimized with the Yoast SEO plugin v26.0 - https:\/\/yoast.com\/wordpress\/plugins\/seo\/ -->\n<title>Rumstyper - Kundeservice Corendon (SE)<\/title>\n<meta name=\"robots\" content=\"index, follow, max-snippet:-1, max-image-preview:large, max-video-preview:-1\" \/>\n<link rel=\"canonical\" href=\"https:\/\/kundservice.corendon.se\/blog\/2021\/11\/24\/vaerelsestyper\/\" \/>\n<meta property=\"og:locale\" content=\"sv_SE\" \/>\n<meta property=\"og:type\" content=\"article\" \/>\n<meta property=\"og:title\" content=\"Rumstyper - Kundeservice Corendon (SE)\" \/>\n<meta property=\"og:description\" content=\"Ett standardrum\/dubbelrum har en dubbels\u00e4ng eller tv\u00e5 separata s\u00e4ngar. Vid behov kan du ange dina \u00f6nskem\u00e5l i samband med bokningen. OBS, detta \u00e4r endast \u00f6nskem\u00e5l och ingen garanti. Ett enkelrum \u00e4r vanligtvis ett dubbelrum f\u00f6r en person. Rummet kan ibland vara mindre eller ha ett s\u00e4mre l\u00e4ge \u00e4n ett dubbelrum i samma byggnad, trots till\u00e4ggsavgiften. [&hellip;]\" \/>\n<meta property=\"og:url\" content=\"https:\/\/kundservice.corendon.se\/blog\/2021\/11\/24\/vaerelsestyper\/\" \/>\n<meta property=\"og:site_name\" content=\"Kundeservice Corendon (SE)\" \/>\n<meta property=\"article:published_time\" content=\"2021-11-24T18:17:34+00:00\" \/>\n<meta property=\"article:modified_time\" content=\"2026-04-27T12:40:51+00:00\" \/>\n<meta name=\"author\" content=\"Deniz jensen\" \/>\n<meta name=\"twitter:card\" content=\"summary_large_image\" \/>\n<meta name=\"twitter:label1\" content=\"Written by\" \/>\n\t<meta name=\"twitter:data1\" content=\"Deniz jensen\" \/>\n\t<meta name=\"twitter:label2\" content=\"Est. reading time\" \/>\n\t<meta name=\"twitter:data2\" content=\"2 minutes\" \/>\n<script type=\"application\/ld+json\" class=\"yoast-schema-graph\">{\"@context\":\"https:\/\/schema.org\",\"@graph\":[{\"@type\":\"WebPage\",\"@id\":\"https:\/\/kundservice.corendon.se\/blog\/2021\/11\/24\/vaerelsestyper\/\",\"url\":\"https:\/\/kundservice.corendon.se\/blog\/2021\/11\/24\/vaerelsestyper\/\",\"name\":\"Rumstyper - Kundeservice Corendon (SE)\",\"isPartOf\":{\"@id\":\"https:\/\/kundservice.corendon.se\/#website\"},\"datePublished\":\"2021-11-24T18:17:34+00:00\",\"dateModified\":\"2026-04-27T12:40:51+00:00\",\"author\":{\"@id\":\"https:\/\/kundservice.corendon.se\/#\/schema\/person\/1b9facdfda30ae1f4592a6820b7b3c2d\"},\"breadcrumb\":{\"@id\":\"https:\/\/kundservice.corendon.se\/blog\/2021\/11\/24\/vaerelsestyper\/#breadcrumb\"},\"inLanguage\":\"sv-SE\",\"potentialAction\":[{\"@type\":\"ReadAction\",\"target\":[\"https:\/\/kundservice.corendon.se\/blog\/2021\/11\/24\/vaerelsestyper\/\"]}]},{\"@type\":\"BreadcrumbList\",\"@id\":\"https:\/\/kundservice.corendon.se\/blog\/2021\/11\/24\/vaerelsestyper\/#breadcrumb\",\"itemListElement\":[{\"@type\":\"ListItem\",\"position\":1,\"name\":\"Home\",\"item\":\"https:\/\/kundservice.corendon.se\/\"},{\"@type\":\"ListItem\",\"position\":2,\"name\":\"Rumstyper\"}]},{\"@type\":\"WebSite\",\"@id\":\"https:\/\/kundservice.corendon.se\/#website\",\"url\":\"https:\/\/kundservice.corendon.se\/\",\"name\":\"Kundeservice Corendon (SE)\",\"description\":\"Her finder du svar p\u00e5 sp\u00f8rgsm\u00e5l om din ferie med Corendon\",\"potentialAction\":[{\"@type\":\"SearchAction\",\"target\":{\"@type\":\"EntryPoint\",\"urlTemplate\":\"https:\/\/kundservice.corendon.se\/?s={search_term_string}\"},\"query-input\":{\"@type\":\"PropertyValueSpecification\",\"valueRequired\":true,\"valueName\":\"search_term_string\"}}],\"inLanguage\":\"sv-SE\"},{\"@type\":\"Person\",\"@id\":\"https:\/\/kundservice.corendon.se\/#\/schema\/person\/1b9facdfda30ae1f4592a6820b7b3c2d\",\"name\":\"Deniz jensen\",\"image\":{\"@type\":\"ImageObject\",\"inLanguage\":\"sv-SE\",\"@id\":\"https:\/\/kundservice.corendon.se\/#\/schema\/person\/image\/\",\"url\":\"https:\/\/secure.gravatar.com\/avatar\/379718f10245a298f9150cd0419dc88b5b9a0b25979762bd07c975c4842c7afa?s=96&d=mm&r=g\",\"contentUrl\":\"https:\/\/secure.gravatar.com\/avatar\/379718f10245a298f9150cd0419dc88b5b9a0b25979762bd07c975c4842c7afa?s=96&d=mm&r=g\",\"caption\":\"Deniz jensen\"},\"url\":\"https:\/\/kundservice.corendon.se\/blog\/author\/deniz\/\"}]}<\/script>\n<!-- \/ Yoast SEO plugin. -->","yoast_head_json":{"title":"Rumstyper - Kundeservice Corendon (SE)","robots":{"index":"index","follow":"follow","max-snippet":"max-snippet:-1","max-image-preview":"max-image-preview:large","max-video-preview":"max-video-preview:-1"},"canonical":"https:\/\/kundservice.corendon.se\/blog\/2021\/11\/24\/vaerelsestyper\/","og_locale":"sv_SE","og_type":"article","og_title":"Rumstyper - Kundeservice Corendon (SE)","og_description":"Ett standardrum\/dubbelrum har en dubbels\u00e4ng eller tv\u00e5 separata s\u00e4ngar. Vid behov kan du ange dina \u00f6nskem\u00e5l i samband med bokningen. OBS, detta \u00e4r endast \u00f6nskem\u00e5l och ingen garanti. Ett enkelrum \u00e4r vanligtvis ett dubbelrum f\u00f6r en person. Rummet kan ibland vara mindre eller ha ett s\u00e4mre l\u00e4ge \u00e4n ett dubbelrum i samma byggnad, trots till\u00e4ggsavgiften. [&hellip;]","og_url":"https:\/\/kundservice.corendon.se\/blog\/2021\/11\/24\/vaerelsestyper\/","og_site_name":"Kundeservice Corendon (SE)","article_published_time":"2021-11-24T18:17:34+00:00","article_modified_time":"2026-04-27T12:40:51+00:00","author":"Deniz jensen","twitter_card":"summary_large_image","twitter_misc":{"Written by":"Deniz jensen","Est. reading time":"2 minutes"},"schema":{"@context":"https:\/\/schema.org","@graph":[{"@type":"WebPage","@id":"https:\/\/kundservice.corendon.se\/blog\/2021\/11\/24\/vaerelsestyper\/","url":"https:\/\/kundservice.corendon.se\/blog\/2021\/11\/24\/vaerelsestyper\/","name":"Rumstyper - Kundeservice Corendon (SE)","isPartOf":{"@id":"https:\/\/kundservice.corendon.se\/#website"},"datePublished":"2021-11-24T18:17:34+00:00","dateModified":"2026-04-27T12:40:51+00:00","author":{"@id":"https:\/\/kundservice.corendon.se\/#\/schema\/person\/1b9facdfda30ae1f4592a6820b7b3c2d"},"breadcrumb":{"@id":"https:\/\/kundservice.corendon.se\/blog\/2021\/11\/24\/vaerelsestyper\/#breadcrumb"},"inLanguage":"sv-SE","potentialAction":[{"@type":"ReadAction","target":["https:\/\/kundservice.corendon.se\/blog\/2021\/11\/24\/vaerelsestyper\/"]}]},{"@type":"BreadcrumbList","@id":"https:\/\/kundservice.corendon.se\/blog\/2021\/11\/24\/vaerelsestyper\/#breadcrumb","itemListElement":[{"@type":"ListItem","position":1,"name":"Home","item":"https:\/\/kundservice.corendon.se\/"},{"@type":"ListItem","position":2,"name":"Rumstyper"}]},{"@type":"WebSite","@id":"https:\/\/kundservice.corendon.se\/#website","url":"https:\/\/kundservice.corendon.se\/","name":"Kundeservice Corendon (SE)","description":"Her finder du svar p\u00e5 sp\u00f8rgsm\u00e5l om din ferie med Corendon","potentialAction":[{"@type":"SearchAction","target":{"@type":"EntryPoint","urlTemplate":"https:\/\/kundservice.corendon.se\/?s={search_term_string}"},"query-input":{"@type":"PropertyValueSpecification","valueRequired":true,"valueName":"search_term_string"}}],"inLanguage":"sv-SE"},{"@type":"Person","@id":"https:\/\/kundservice.corendon.se\/#\/schema\/person\/1b9facdfda30ae1f4592a6820b7b3c2d","name":"Deniz jensen","image":{"@type":"ImageObject","inLanguage":"sv-SE","@id":"https:\/\/kundservice.corendon.se\/#\/schema\/person\/image\/","url":"https:\/\/secure.gravatar.com\/avatar\/379718f10245a298f9150cd0419dc88b5b9a0b25979762bd07c975c4842c7afa?s=96&d=mm&r=g","contentUrl":"https:\/\/secure.gravatar.com\/avatar\/379718f10245a298f9150cd0419dc88b5b9a0b25979762bd07c975c4842c7afa?s=96&d=mm&r=g","caption":"Deniz jensen"},"url":"https:\/\/kundservice.corendon.se\/blog\/author\/deniz\/"}]}},"_links":{"self":[{"href":"https:\/\/kundservice.corendon.se\/wp-json\/wp\/v2\/posts\/2687","targetHints":{"allow":["GET"]}}],"collection":[{"href":"https:\/\/kundservice.corendon.se\/wp-json\/wp\/v2\/posts"}],"about":[{"href":"https:\/\/kundservice.corendon.se\/wp-json\/wp\/v2\/types\/post"}],"author":[{"embeddable":true,"href":"https:\/\/kundservice.corendon.se\/wp-json\/wp\/v2\/users\/20"}],"replies":[{"embeddable":true,"href":"https:\/\/kundservice.corendon.se\/wp-json\/wp\/v2\/comments?post=2687"}],"version-history":[{"count":5,"href":"https:\/\/kundservice.corendon.se\/wp-json\/wp\/v2\/posts\/2687\/revisions"}],"predecessor-version":[{"id":2871,"href":"https:\/\/kundservice.corendon.se\/wp-json\/wp\/v2\/posts\/2687\/revisions\/2871"}],"wp:attachment":[{"href":"https:\/\/kundservice.corendon.se\/wp-json\/wp\/v2\/media?parent=2687"}],"wp:term":[{"taxonomy":"category","embeddable":true,"href":"https:\/\/kundservice.corendon.se\/wp-json\/wp\/v2\/categories?post=2687"},{"taxonomy":"post_tag","embeddable":true,"href":"https:\/\/kundservice.corendon.se\/wp-json\/wp\/v2\/tags?post=2687"}],"curies":[{"name":"wp","href":"https:\/\/api.w.org\/{rel}","templated":true}]}}