{"id":2668,"date":"2021-11-24T19:12:40","date_gmt":"2021-11-24T18:12:40","guid":{"rendered":"https:\/\/kundservice.corendon.se\/?p=2668"},"modified":"2026-04-27T14:07:58","modified_gmt":"2026-04-27T13:07:58","slug":"sen-udtjekning-late-checkout","status":"publish","type":"post","link":"https:\/\/kundservice.corendon.se\/blog\/2021\/11\/24\/sen-udtjekning-late-checkout\/","title":{"rendered":"Sen utcheckning \/ Late checkout"},"content":{"rendered":"<p>Normalt ska hotellrummet l\u00e4mnas mellan kl. 10.00 och 12.00 p\u00e5 avresedagen. I receptionen kan du fr\u00e5ga om m\u00f6jligheten till sen utcheckning. Detta \u00e4r endast m\u00f6jligt om det finns lediga rum. Hotellet kan ta ut en extra avgift f\u00f6r sen utcheckning. Dessutom har du inte r\u00e4tt till mat eller dryck, i samband med All Inclusive, efter att du har checkat ut.<\/p>\n","protected":false},"excerpt":{"rendered":"<p>Normalt ska hotellrummet l\u00e4mnas mellan kl. 10.00 och 12.00 p\u00e5 avresedagen. I receptionen kan du fr\u00e5ga om m\u00f6jligheten till sen utcheckning. Detta \u00e4r endast m\u00f6jligt om det finns lediga rum. Hotellet kan ta ut en extra avgift f\u00f6r sen utcheckning. Dessutom har du inte r\u00e4tt till mat eller dryck, i samband med All Inclusive, efter [&hellip;]<\/p>\n","protected":false},"author":20,"featured_media":0,"comment_status":"closed","ping_status":"closed","sticky":false,"template":"","format":"standard","meta":{"footnotes":""},"categories":[13],"tags":[],"class_list":["post-2668","post","type-post","status-publish","format-standard","hentry","category-hotellet"],"yoast_head":"<!-- This site is optimized with the Yoast SEO plugin v26.0 - https:\/\/yoast.com\/wordpress\/plugins\/seo\/ -->\n<title>Sen utcheckning \/ Late checkout - Kundeservice Corendon (SE)<\/title>\n<meta name=\"robots\" content=\"index, follow, max-snippet:-1, max-image-preview:large, max-video-preview:-1\" \/>\n<link rel=\"canonical\" href=\"https:\/\/kundservice.corendon.se\/blog\/2021\/11\/24\/sen-udtjekning-late-checkout\/\" \/>\n<meta property=\"og:locale\" content=\"sv_SE\" \/>\n<meta property=\"og:type\" content=\"article\" \/>\n<meta property=\"og:title\" content=\"Sen utcheckning \/ Late checkout - Kundeservice Corendon (SE)\" \/>\n<meta property=\"og:description\" content=\"Normalt ska hotellrummet l\u00e4mnas mellan kl. 10.00 och 12.00 p\u00e5 avresedagen. I receptionen kan du fr\u00e5ga om m\u00f6jligheten till sen utcheckning. Detta \u00e4r endast m\u00f6jligt om det finns lediga rum. Hotellet kan ta ut en extra avgift f\u00f6r sen utcheckning. Dessutom har du inte r\u00e4tt till mat eller dryck, i samband med All Inclusive, efter [&hellip;]\" \/>\n<meta property=\"og:url\" content=\"https:\/\/kundservice.corendon.se\/blog\/2021\/11\/24\/sen-udtjekning-late-checkout\/\" \/>\n<meta property=\"og:site_name\" content=\"Kundeservice Corendon (SE)\" \/>\n<meta property=\"article:published_time\" content=\"2021-11-24T18:12:40+00:00\" \/>\n<meta property=\"article:modified_time\" content=\"2026-04-27T13:07:58+00:00\" \/>\n<meta name=\"author\" content=\"Deniz jensen\" \/>\n<meta name=\"twitter:card\" content=\"summary_large_image\" \/>\n<meta name=\"twitter:label1\" content=\"Written by\" \/>\n\t<meta name=\"twitter:data1\" content=\"Deniz jensen\" \/>\n\t<meta name=\"twitter:label2\" content=\"Est. reading time\" \/>\n\t<meta name=\"twitter:data2\" content=\"1 minute\" \/>\n<script type=\"application\/ld+json\" class=\"yoast-schema-graph\">{\"@context\":\"https:\/\/schema.org\",\"@graph\":[{\"@type\":\"WebPage\",\"@id\":\"https:\/\/kundservice.corendon.se\/blog\/2021\/11\/24\/sen-udtjekning-late-checkout\/\",\"url\":\"https:\/\/kundservice.corendon.se\/blog\/2021\/11\/24\/sen-udtjekning-late-checkout\/\",\"name\":\"Sen utcheckning \/ Late checkout - Kundeservice Corendon (SE)\",\"isPartOf\":{\"@id\":\"https:\/\/kundservice.corendon.se\/#website\"},\"datePublished\":\"2021-11-24T18:12:40+00:00\",\"dateModified\":\"2026-04-27T13:07:58+00:00\",\"author\":{\"@id\":\"https:\/\/kundservice.corendon.se\/#\/schema\/person\/1b9facdfda30ae1f4592a6820b7b3c2d\"},\"breadcrumb\":{\"@id\":\"https:\/\/kundservice.corendon.se\/blog\/2021\/11\/24\/sen-udtjekning-late-checkout\/#breadcrumb\"},\"inLanguage\":\"sv-SE\",\"potentialAction\":[{\"@type\":\"ReadAction\",\"target\":[\"https:\/\/kundservice.corendon.se\/blog\/2021\/11\/24\/sen-udtjekning-late-checkout\/\"]}]},{\"@type\":\"BreadcrumbList\",\"@id\":\"https:\/\/kundservice.corendon.se\/blog\/2021\/11\/24\/sen-udtjekning-late-checkout\/#breadcrumb\",\"itemListElement\":[{\"@type\":\"ListItem\",\"position\":1,\"name\":\"Home\",\"item\":\"https:\/\/kundservice.corendon.se\/\"},{\"@type\":\"ListItem\",\"position\":2,\"name\":\"Sen utcheckning \/ Late checkout\"}]},{\"@type\":\"WebSite\",\"@id\":\"https:\/\/kundservice.corendon.se\/#website\",\"url\":\"https:\/\/kundservice.corendon.se\/\",\"name\":\"Kundeservice Corendon (SE)\",\"description\":\"Her finder du svar p\u00e5 sp\u00f8rgsm\u00e5l om din ferie med Corendon\",\"potentialAction\":[{\"@type\":\"SearchAction\",\"target\":{\"@type\":\"EntryPoint\",\"urlTemplate\":\"https:\/\/kundservice.corendon.se\/?s={search_term_string}\"},\"query-input\":{\"@type\":\"PropertyValueSpecification\",\"valueRequired\":true,\"valueName\":\"search_term_string\"}}],\"inLanguage\":\"sv-SE\"},{\"@type\":\"Person\",\"@id\":\"https:\/\/kundservice.corendon.se\/#\/schema\/person\/1b9facdfda30ae1f4592a6820b7b3c2d\",\"name\":\"Deniz jensen\",\"image\":{\"@type\":\"ImageObject\",\"inLanguage\":\"sv-SE\",\"@id\":\"https:\/\/kundservice.corendon.se\/#\/schema\/person\/image\/\",\"url\":\"https:\/\/secure.gravatar.com\/avatar\/379718f10245a298f9150cd0419dc88b5b9a0b25979762bd07c975c4842c7afa?s=96&d=mm&r=g\",\"contentUrl\":\"https:\/\/secure.gravatar.com\/avatar\/379718f10245a298f9150cd0419dc88b5b9a0b25979762bd07c975c4842c7afa?s=96&d=mm&r=g\",\"caption\":\"Deniz jensen\"},\"url\":\"https:\/\/kundservice.corendon.se\/blog\/author\/deniz\/\"}]}<\/script>\n<!-- \/ Yoast SEO plugin. -->","yoast_head_json":{"title":"Sen utcheckning \/ Late checkout - Kundeservice Corendon (SE)","robots":{"index":"index","follow":"follow","max-snippet":"max-snippet:-1","max-image-preview":"max-image-preview:large","max-video-preview":"max-video-preview:-1"},"canonical":"https:\/\/kundservice.corendon.se\/blog\/2021\/11\/24\/sen-udtjekning-late-checkout\/","og_locale":"sv_SE","og_type":"article","og_title":"Sen utcheckning \/ Late checkout - Kundeservice Corendon (SE)","og_description":"Normalt ska hotellrummet l\u00e4mnas mellan kl. 10.00 och 12.00 p\u00e5 avresedagen. I receptionen kan du fr\u00e5ga om m\u00f6jligheten till sen utcheckning. Detta \u00e4r endast m\u00f6jligt om det finns lediga rum. Hotellet kan ta ut en extra avgift f\u00f6r sen utcheckning. Dessutom har du inte r\u00e4tt till mat eller dryck, i samband med All Inclusive, efter [&hellip;]","og_url":"https:\/\/kundservice.corendon.se\/blog\/2021\/11\/24\/sen-udtjekning-late-checkout\/","og_site_name":"Kundeservice Corendon (SE)","article_published_time":"2021-11-24T18:12:40+00:00","article_modified_time":"2026-04-27T13:07:58+00:00","author":"Deniz jensen","twitter_card":"summary_large_image","twitter_misc":{"Written by":"Deniz jensen","Est. reading time":"1 minute"},"schema":{"@context":"https:\/\/schema.org","@graph":[{"@type":"WebPage","@id":"https:\/\/kundservice.corendon.se\/blog\/2021\/11\/24\/sen-udtjekning-late-checkout\/","url":"https:\/\/kundservice.corendon.se\/blog\/2021\/11\/24\/sen-udtjekning-late-checkout\/","name":"Sen utcheckning \/ Late checkout - Kundeservice Corendon (SE)","isPartOf":{"@id":"https:\/\/kundservice.corendon.se\/#website"},"datePublished":"2021-11-24T18:12:40+00:00","dateModified":"2026-04-27T13:07:58+00:00","author":{"@id":"https:\/\/kundservice.corendon.se\/#\/schema\/person\/1b9facdfda30ae1f4592a6820b7b3c2d"},"breadcrumb":{"@id":"https:\/\/kundservice.corendon.se\/blog\/2021\/11\/24\/sen-udtjekning-late-checkout\/#breadcrumb"},"inLanguage":"sv-SE","potentialAction":[{"@type":"ReadAction","target":["https:\/\/kundservice.corendon.se\/blog\/2021\/11\/24\/sen-udtjekning-late-checkout\/"]}]},{"@type":"BreadcrumbList","@id":"https:\/\/kundservice.corendon.se\/blog\/2021\/11\/24\/sen-udtjekning-late-checkout\/#breadcrumb","itemListElement":[{"@type":"ListItem","position":1,"name":"Home","item":"https:\/\/kundservice.corendon.se\/"},{"@type":"ListItem","position":2,"name":"Sen utcheckning \/ Late checkout"}]},{"@type":"WebSite","@id":"https:\/\/kundservice.corendon.se\/#website","url":"https:\/\/kundservice.corendon.se\/","name":"Kundeservice Corendon (SE)","description":"Her finder du svar p\u00e5 sp\u00f8rgsm\u00e5l om din ferie med Corendon","potentialAction":[{"@type":"SearchAction","target":{"@type":"EntryPoint","urlTemplate":"https:\/\/kundservice.corendon.se\/?s={search_term_string}"},"query-input":{"@type":"PropertyValueSpecification","valueRequired":true,"valueName":"search_term_string"}}],"inLanguage":"sv-SE"},{"@type":"Person","@id":"https:\/\/kundservice.corendon.se\/#\/schema\/person\/1b9facdfda30ae1f4592a6820b7b3c2d","name":"Deniz jensen","image":{"@type":"ImageObject","inLanguage":"sv-SE","@id":"https:\/\/kundservice.corendon.se\/#\/schema\/person\/image\/","url":"https:\/\/secure.gravatar.com\/avatar\/379718f10245a298f9150cd0419dc88b5b9a0b25979762bd07c975c4842c7afa?s=96&d=mm&r=g","contentUrl":"https:\/\/secure.gravatar.com\/avatar\/379718f10245a298f9150cd0419dc88b5b9a0b25979762bd07c975c4842c7afa?s=96&d=mm&r=g","caption":"Deniz jensen"},"url":"https:\/\/kundservice.corendon.se\/blog\/author\/deniz\/"}]}},"_links":{"self":[{"href":"https:\/\/kundservice.corendon.se\/wp-json\/wp\/v2\/posts\/2668","targetHints":{"allow":["GET"]}}],"collection":[{"href":"https:\/\/kundservice.corendon.se\/wp-json\/wp\/v2\/posts"}],"about":[{"href":"https:\/\/kundservice.corendon.se\/wp-json\/wp\/v2\/types\/post"}],"author":[{"embeddable":true,"href":"https:\/\/kundservice.corendon.se\/wp-json\/wp\/v2\/users\/20"}],"replies":[{"embeddable":true,"href":"https:\/\/kundservice.corendon.se\/wp-json\/wp\/v2\/comments?post=2668"}],"version-history":[{"count":2,"href":"https:\/\/kundservice.corendon.se\/wp-json\/wp\/v2\/posts\/2668\/revisions"}],"predecessor-version":[{"id":2886,"href":"https:\/\/kundservice.corendon.se\/wp-json\/wp\/v2\/posts\/2668\/revisions\/2886"}],"wp:attachment":[{"href":"https:\/\/kundservice.corendon.se\/wp-json\/wp\/v2\/media?parent=2668"}],"wp:term":[{"taxonomy":"category","embeddable":true,"href":"https:\/\/kundservice.corendon.se\/wp-json\/wp\/v2\/categories?post=2668"},{"taxonomy":"post_tag","embeddable":true,"href":"https:\/\/kundservice.corendon.se\/wp-json\/wp\/v2\/tags?post=2668"}],"curies":[{"name":"wp","href":"https:\/\/api.w.org\/{rel}","templated":true}]}}