{"id":2666,"date":"2021-11-24T19:12:11","date_gmt":"2021-11-24T18:12:11","guid":{"rendered":"https:\/\/kundservice.corendon.se\/?p=2666"},"modified":"2026-04-27T14:09:27","modified_gmt":"2026-04-27T13:09:27","slug":"checka-in-och-checka-ut","status":"publish","type":"post","link":"https:\/\/kundservice.corendon.se\/blog\/2021\/11\/24\/checka-in-och-checka-ut\/","title":{"rendered":"Checka in och checka ut"},"content":{"rendered":"<p>Normalt kan du checka in p\u00e5 hotellrummet mellan kl. 14.00 och 16.00 p\u00e5 ankomstdagen. Under h\u00f6gs\u00e4song kan detta ibland ske senare. Eventuella m\u00e5ltider g\u00e4ller fr\u00e5n incheckning till utcheckning, oavsett avg\u00e5ngstid p\u00e5 avresedagen.<\/p>\n<p>Om du anl\u00e4nder p\u00e5 ankomstdagen f\u00f6re incheckningstiden kan hotellet ta ut en avgift f\u00f6r anv\u00e4ndning av faciliteterna, inklusive drycker m.m. Detta inkluderar en avgift f\u00f6r frukost, lunch och drycker. Observera att om du checkar in efter restaurangernas och\/eller barernas \u00f6ppettider \u00e4r hotellet inte skyldigt att servera m\u00e5ltider eller drycker.<\/p>\n<p>Normalt l\u00e4mnar du ditt hotellrum mellan kl. 10.00 och 12.00 p\u00e5 avresedagen. I receptionen kan du fr\u00e5ga om m\u00f6jligheten till senare utcheckning. Detta \u00e4r endast m\u00f6jligt om det finns lediga rum. Hotellet kan ta ut en extra avgift f\u00f6r detta. N\u00e4r du har checkat ut har du inte l\u00e4ngre r\u00e4tt till m\u00e5ltider eller drycker. Vill du forts\u00e4tta att anv\u00e4nda faciliteterna och f\u00f6rfriskningarna efter att du har checkat ut? Hotellet kan ta ut en avgift f\u00f6r detta. M\u00e5nga hotell erbjuder m\u00f6jlighet att f\u00f6rvara ditt bagage i ett rum eller i receptionen n\u00e4r du har checkat ut. F\u00f6rvaringen sker p\u00e5 eget ansvar.<\/p>\n","protected":false},"excerpt":{"rendered":"<p>Normalt kan du checka in p\u00e5 hotellrummet mellan kl. 14.00 och 16.00 p\u00e5 ankomstdagen. Under h\u00f6gs\u00e4song kan detta ibland ske senare. Eventuella m\u00e5ltider g\u00e4ller fr\u00e5n incheckning till utcheckning, oavsett avg\u00e5ngstid p\u00e5 avresedagen. Om du anl\u00e4nder p\u00e5 ankomstdagen f\u00f6re incheckningstiden kan hotellet ta ut en avgift f\u00f6r anv\u00e4ndning av faciliteterna, inklusive drycker m.m. Detta inkluderar en [&hellip;]<\/p>\n","protected":false},"author":20,"featured_media":0,"comment_status":"closed","ping_status":"closed","sticky":false,"template":"","format":"standard","meta":{"footnotes":""},"categories":[13],"tags":[],"class_list":["post-2666","post","type-post","status-publish","format-standard","hentry","category-hotellet"],"yoast_head":"<!-- This site is optimized with the Yoast SEO plugin v26.0 - https:\/\/yoast.com\/wordpress\/plugins\/seo\/ -->\n<title>Checka in och checka ut - Kundeservice Corendon (SE)<\/title>\n<meta name=\"robots\" content=\"index, follow, max-snippet:-1, max-image-preview:large, max-video-preview:-1\" \/>\n<link rel=\"canonical\" href=\"https:\/\/kundservice.corendon.se\/blog\/2021\/11\/24\/checka-in-och-checka-ut\/\" \/>\n<meta property=\"og:locale\" content=\"en_US\" \/>\n<meta property=\"og:type\" content=\"article\" \/>\n<meta property=\"og:title\" content=\"Checka in och checka ut - Kundeservice Corendon (SE)\" \/>\n<meta property=\"og:description\" content=\"Normalt kan du checka in p\u00e5 hotellrummet mellan kl. 14.00 och 16.00 p\u00e5 ankomstdagen. Under h\u00f6gs\u00e4song kan detta ibland ske senare. Eventuella m\u00e5ltider g\u00e4ller fr\u00e5n incheckning till utcheckning, oavsett avg\u00e5ngstid p\u00e5 avresedagen. Om du anl\u00e4nder p\u00e5 ankomstdagen f\u00f6re incheckningstiden kan hotellet ta ut en avgift f\u00f6r anv\u00e4ndning av faciliteterna, inklusive drycker m.m. Detta inkluderar en [&hellip;]\" \/>\n<meta property=\"og:url\" content=\"https:\/\/kundservice.corendon.se\/blog\/2021\/11\/24\/checka-in-och-checka-ut\/\" \/>\n<meta property=\"og:site_name\" content=\"Kundeservice Corendon (SE)\" \/>\n<meta property=\"article:published_time\" content=\"2021-11-24T18:12:11+00:00\" \/>\n<meta property=\"article:modified_time\" content=\"2026-04-27T13:09:27+00:00\" \/>\n<meta name=\"author\" content=\"Deniz jensen\" \/>\n<meta name=\"twitter:card\" content=\"summary_large_image\" \/>\n<meta name=\"twitter:label1\" content=\"Written by\" \/>\n\t<meta name=\"twitter:data1\" content=\"Deniz jensen\" \/>\n\t<meta name=\"twitter:label2\" content=\"Est. reading time\" \/>\n\t<meta name=\"twitter:data2\" content=\"1 minute\" \/>\n<script type=\"application\/ld+json\" class=\"yoast-schema-graph\">{\"@context\":\"https:\/\/schema.org\",\"@graph\":[{\"@type\":\"WebPage\",\"@id\":\"https:\/\/kundservice.corendon.se\/blog\/2021\/11\/24\/checka-in-och-checka-ut\/\",\"url\":\"https:\/\/kundservice.corendon.se\/blog\/2021\/11\/24\/checka-in-och-checka-ut\/\",\"name\":\"Checka in och checka ut - Kundeservice Corendon (SE)\",\"isPartOf\":{\"@id\":\"https:\/\/kundservice.corendon.se\/#website\"},\"datePublished\":\"2021-11-24T18:12:11+00:00\",\"dateModified\":\"2026-04-27T13:09:27+00:00\",\"author\":{\"@id\":\"https:\/\/kundservice.corendon.se\/#\/schema\/person\/1b9facdfda30ae1f4592a6820b7b3c2d\"},\"breadcrumb\":{\"@id\":\"https:\/\/kundservice.corendon.se\/blog\/2021\/11\/24\/checka-in-och-checka-ut\/#breadcrumb\"},\"inLanguage\":\"en-US\",\"potentialAction\":[{\"@type\":\"ReadAction\",\"target\":[\"https:\/\/kundservice.corendon.se\/blog\/2021\/11\/24\/checka-in-och-checka-ut\/\"]}]},{\"@type\":\"BreadcrumbList\",\"@id\":\"https:\/\/kundservice.corendon.se\/blog\/2021\/11\/24\/checka-in-och-checka-ut\/#breadcrumb\",\"itemListElement\":[{\"@type\":\"ListItem\",\"position\":1,\"name\":\"Home\",\"item\":\"https:\/\/kundservice.corendon.se\/\"},{\"@type\":\"ListItem\",\"position\":2,\"name\":\"Checka in och checka ut\"}]},{\"@type\":\"WebSite\",\"@id\":\"https:\/\/kundservice.corendon.se\/#website\",\"url\":\"https:\/\/kundservice.corendon.se\/\",\"name\":\"Kundeservice Corendon (SE)\",\"description\":\"H\u00e4r f\u00e5r du svar p\u00e5 dina fr\u00e5gor n\u00e4r du ska resa med Corendon\",\"potentialAction\":[{\"@type\":\"SearchAction\",\"target\":{\"@type\":\"EntryPoint\",\"urlTemplate\":\"https:\/\/kundservice.corendon.se\/?s={search_term_string}\"},\"query-input\":{\"@type\":\"PropertyValueSpecification\",\"valueRequired\":true,\"valueName\":\"search_term_string\"}}],\"inLanguage\":\"en-US\"},{\"@type\":\"Person\",\"@id\":\"https:\/\/kundservice.corendon.se\/#\/schema\/person\/1b9facdfda30ae1f4592a6820b7b3c2d\",\"name\":\"Deniz jensen\",\"image\":{\"@type\":\"ImageObject\",\"inLanguage\":\"en-US\",\"@id\":\"https:\/\/kundservice.corendon.se\/#\/schema\/person\/image\/\",\"url\":\"https:\/\/secure.gravatar.com\/avatar\/379718f10245a298f9150cd0419dc88b5b9a0b25979762bd07c975c4842c7afa?s=96&d=mm&r=g\",\"contentUrl\":\"https:\/\/secure.gravatar.com\/avatar\/379718f10245a298f9150cd0419dc88b5b9a0b25979762bd07c975c4842c7afa?s=96&d=mm&r=g\",\"caption\":\"Deniz jensen\"},\"url\":\"https:\/\/kundservice.corendon.se\/blog\/author\/deniz\/\"}]}<\/script>\n<!-- \/ Yoast SEO plugin. -->","yoast_head_json":{"title":"Checka in och checka ut - Kundeservice Corendon (SE)","robots":{"index":"index","follow":"follow","max-snippet":"max-snippet:-1","max-image-preview":"max-image-preview:large","max-video-preview":"max-video-preview:-1"},"canonical":"https:\/\/kundservice.corendon.se\/blog\/2021\/11\/24\/checka-in-och-checka-ut\/","og_locale":"en_US","og_type":"article","og_title":"Checka in och checka ut - Kundeservice Corendon (SE)","og_description":"Normalt kan du checka in p\u00e5 hotellrummet mellan kl. 14.00 och 16.00 p\u00e5 ankomstdagen. Under h\u00f6gs\u00e4song kan detta ibland ske senare. Eventuella m\u00e5ltider g\u00e4ller fr\u00e5n incheckning till utcheckning, oavsett avg\u00e5ngstid p\u00e5 avresedagen. Om du anl\u00e4nder p\u00e5 ankomstdagen f\u00f6re incheckningstiden kan hotellet ta ut en avgift f\u00f6r anv\u00e4ndning av faciliteterna, inklusive drycker m.m. Detta inkluderar en [&hellip;]","og_url":"https:\/\/kundservice.corendon.se\/blog\/2021\/11\/24\/checka-in-och-checka-ut\/","og_site_name":"Kundeservice Corendon (SE)","article_published_time":"2021-11-24T18:12:11+00:00","article_modified_time":"2026-04-27T13:09:27+00:00","author":"Deniz jensen","twitter_card":"summary_large_image","twitter_misc":{"Written by":"Deniz jensen","Est. reading time":"1 minute"},"schema":{"@context":"https:\/\/schema.org","@graph":[{"@type":"WebPage","@id":"https:\/\/kundservice.corendon.se\/blog\/2021\/11\/24\/checka-in-och-checka-ut\/","url":"https:\/\/kundservice.corendon.se\/blog\/2021\/11\/24\/checka-in-och-checka-ut\/","name":"Checka in och checka ut - Kundeservice Corendon (SE)","isPartOf":{"@id":"https:\/\/kundservice.corendon.se\/#website"},"datePublished":"2021-11-24T18:12:11+00:00","dateModified":"2026-04-27T13:09:27+00:00","author":{"@id":"https:\/\/kundservice.corendon.se\/#\/schema\/person\/1b9facdfda30ae1f4592a6820b7b3c2d"},"breadcrumb":{"@id":"https:\/\/kundservice.corendon.se\/blog\/2021\/11\/24\/checka-in-och-checka-ut\/#breadcrumb"},"inLanguage":"en-US","potentialAction":[{"@type":"ReadAction","target":["https:\/\/kundservice.corendon.se\/blog\/2021\/11\/24\/checka-in-och-checka-ut\/"]}]},{"@type":"BreadcrumbList","@id":"https:\/\/kundservice.corendon.se\/blog\/2021\/11\/24\/checka-in-och-checka-ut\/#breadcrumb","itemListElement":[{"@type":"ListItem","position":1,"name":"Home","item":"https:\/\/kundservice.corendon.se\/"},{"@type":"ListItem","position":2,"name":"Checka in och checka ut"}]},{"@type":"WebSite","@id":"https:\/\/kundservice.corendon.se\/#website","url":"https:\/\/kundservice.corendon.se\/","name":"Kundeservice Corendon (SE)","description":"H\u00e4r f\u00e5r du svar p\u00e5 dina fr\u00e5gor n\u00e4r du ska resa med Corendon","potentialAction":[{"@type":"SearchAction","target":{"@type":"EntryPoint","urlTemplate":"https:\/\/kundservice.corendon.se\/?s={search_term_string}"},"query-input":{"@type":"PropertyValueSpecification","valueRequired":true,"valueName":"search_term_string"}}],"inLanguage":"en-US"},{"@type":"Person","@id":"https:\/\/kundservice.corendon.se\/#\/schema\/person\/1b9facdfda30ae1f4592a6820b7b3c2d","name":"Deniz jensen","image":{"@type":"ImageObject","inLanguage":"en-US","@id":"https:\/\/kundservice.corendon.se\/#\/schema\/person\/image\/","url":"https:\/\/secure.gravatar.com\/avatar\/379718f10245a298f9150cd0419dc88b5b9a0b25979762bd07c975c4842c7afa?s=96&d=mm&r=g","contentUrl":"https:\/\/secure.gravatar.com\/avatar\/379718f10245a298f9150cd0419dc88b5b9a0b25979762bd07c975c4842c7afa?s=96&d=mm&r=g","caption":"Deniz jensen"},"url":"https:\/\/kundservice.corendon.se\/blog\/author\/deniz\/"}]}},"_links":{"self":[{"href":"https:\/\/kundservice.corendon.se\/wp-json\/wp\/v2\/posts\/2666","targetHints":{"allow":["GET"]}}],"collection":[{"href":"https:\/\/kundservice.corendon.se\/wp-json\/wp\/v2\/posts"}],"about":[{"href":"https:\/\/kundservice.corendon.se\/wp-json\/wp\/v2\/types\/post"}],"author":[{"embeddable":true,"href":"https:\/\/kundservice.corendon.se\/wp-json\/wp\/v2\/users\/20"}],"replies":[{"embeddable":true,"href":"https:\/\/kundservice.corendon.se\/wp-json\/wp\/v2\/comments?post=2666"}],"version-history":[{"count":2,"href":"https:\/\/kundservice.corendon.se\/wp-json\/wp\/v2\/posts\/2666\/revisions"}],"predecessor-version":[{"id":2887,"href":"https:\/\/kundservice.corendon.se\/wp-json\/wp\/v2\/posts\/2666\/revisions\/2887"}],"wp:attachment":[{"href":"https:\/\/kundservice.corendon.se\/wp-json\/wp\/v2\/media?parent=2666"}],"wp:term":[{"taxonomy":"category","embeddable":true,"href":"https:\/\/kundservice.corendon.se\/wp-json\/wp\/v2\/categories?post=2666"},{"taxonomy":"post_tag","embeddable":true,"href":"https:\/\/kundservice.corendon.se\/wp-json\/wp\/v2\/tags?post=2666"}],"curies":[{"name":"wp","href":"https:\/\/api.w.org\/{rel}","templated":true}]}}