{"id":2664,"date":"2021-11-24T19:11:28","date_gmt":"2021-11-24T18:11:28","guid":{"rendered":"https:\/\/kundservice.corendon.se\/?p=2664"},"modified":"2026-04-27T14:11:11","modified_gmt":"2026-04-27T13:11:11","slug":"funktionshindrade-gaster","status":"publish","type":"post","link":"https:\/\/kundservice.corendon.se\/blog\/2021\/11\/24\/funktionshindrade-gaster\/","title":{"rendered":"Funktionshindrade g\u00e4ster"},"content":{"rendered":"<p>V\u00e5ra resm\u00e5l kan inte betecknas som l\u00e4mpliga f\u00f6r funktionshindrade g\u00e4ster \u2013 terr\u00e4ngen \u00e4r ofta kuperad och trottoarkanterna mycket h\u00f6ga. V\u00e5ra hotell och semesterl\u00e4genheter kan inte heller betecknas som l\u00e4mpliga eller anpassade, s\u00e5vida det inte uttryckligen anges i beskrivningen. Observera att endast ett f\u00e5tal hotell och rum \u00e4r anpassade vad g\u00e4ller t.ex. d\u00f6rrbredd, toalettf\u00f6rh\u00e5llanden, hisstorlek, omr\u00e5dets rullstolsv\u00e4nlighet, och att dessa hotell oftast tillh\u00f6r den h\u00f6gsta kategorin. Fr\u00e5ga v\u00e5ra resekonsulter n\u00e4r du bokar s\u00e5 att vi kan hitta ett hotell som uppfyller just dina krav.<\/p>\n","protected":false},"excerpt":{"rendered":"<p>V\u00e5ra resm\u00e5l kan inte betecknas som l\u00e4mpliga f\u00f6r funktionshindrade g\u00e4ster \u2013 terr\u00e4ngen \u00e4r ofta kuperad och trottoarkanterna mycket h\u00f6ga. V\u00e5ra hotell och semesterl\u00e4genheter kan inte heller betecknas som l\u00e4mpliga eller anpassade, s\u00e5vida det inte uttryckligen anges i beskrivningen. Observera att endast ett f\u00e5tal hotell och rum \u00e4r anpassade vad g\u00e4ller t.ex. d\u00f6rrbredd, toalettf\u00f6rh\u00e5llanden, hisstorlek, omr\u00e5dets [&hellip;]<\/p>\n","protected":false},"author":20,"featured_media":0,"comment_status":"closed","ping_status":"closed","sticky":false,"template":"","format":"standard","meta":{"footnotes":""},"categories":[13],"tags":[],"class_list":["post-2664","post","type-post","status-publish","format-standard","hentry","category-hotellet"],"yoast_head":"<!-- This site is optimized with the Yoast SEO plugin v26.0 - https:\/\/yoast.com\/wordpress\/plugins\/seo\/ -->\n<title>Funktionshindrade g\u00e4ster - Kundeservice Corendon (SE)<\/title>\n<meta name=\"robots\" content=\"index, follow, max-snippet:-1, max-image-preview:large, max-video-preview:-1\" \/>\n<link rel=\"canonical\" href=\"https:\/\/kundservice.corendon.se\/blog\/2021\/11\/24\/funktionshindrade-gaster\/\" \/>\n<meta property=\"og:locale\" content=\"sv_SE\" \/>\n<meta property=\"og:type\" content=\"article\" \/>\n<meta property=\"og:title\" content=\"Funktionshindrade g\u00e4ster - Kundeservice Corendon (SE)\" \/>\n<meta property=\"og:description\" content=\"V\u00e5ra resm\u00e5l kan inte betecknas som l\u00e4mpliga f\u00f6r funktionshindrade g\u00e4ster \u2013 terr\u00e4ngen \u00e4r ofta kuperad och trottoarkanterna mycket h\u00f6ga. V\u00e5ra hotell och semesterl\u00e4genheter kan inte heller betecknas som l\u00e4mpliga eller anpassade, s\u00e5vida det inte uttryckligen anges i beskrivningen. Observera att endast ett f\u00e5tal hotell och rum \u00e4r anpassade vad g\u00e4ller t.ex. d\u00f6rrbredd, toalettf\u00f6rh\u00e5llanden, hisstorlek, omr\u00e5dets [&hellip;]\" \/>\n<meta property=\"og:url\" content=\"https:\/\/kundservice.corendon.se\/blog\/2021\/11\/24\/funktionshindrade-gaster\/\" \/>\n<meta property=\"og:site_name\" content=\"Kundeservice Corendon (SE)\" \/>\n<meta property=\"article:published_time\" content=\"2021-11-24T18:11:28+00:00\" \/>\n<meta property=\"article:modified_time\" content=\"2026-04-27T13:11:11+00:00\" \/>\n<meta name=\"author\" content=\"Deniz jensen\" \/>\n<meta name=\"twitter:card\" content=\"summary_large_image\" \/>\n<meta name=\"twitter:label1\" content=\"Written by\" \/>\n\t<meta name=\"twitter:data1\" content=\"Deniz jensen\" \/>\n\t<meta name=\"twitter:label2\" content=\"Est. reading time\" \/>\n\t<meta name=\"twitter:data2\" content=\"1 minute\" \/>\n<script type=\"application\/ld+json\" class=\"yoast-schema-graph\">{\"@context\":\"https:\/\/schema.org\",\"@graph\":[{\"@type\":\"WebPage\",\"@id\":\"https:\/\/kundservice.corendon.se\/blog\/2021\/11\/24\/funktionshindrade-gaster\/\",\"url\":\"https:\/\/kundservice.corendon.se\/blog\/2021\/11\/24\/funktionshindrade-gaster\/\",\"name\":\"Funktionshindrade g\u00e4ster - Kundeservice Corendon (SE)\",\"isPartOf\":{\"@id\":\"https:\/\/kundservice.corendon.se\/#website\"},\"datePublished\":\"2021-11-24T18:11:28+00:00\",\"dateModified\":\"2026-04-27T13:11:11+00:00\",\"author\":{\"@id\":\"https:\/\/kundservice.corendon.se\/#\/schema\/person\/1b9facdfda30ae1f4592a6820b7b3c2d\"},\"breadcrumb\":{\"@id\":\"https:\/\/kundservice.corendon.se\/blog\/2021\/11\/24\/funktionshindrade-gaster\/#breadcrumb\"},\"inLanguage\":\"sv-SE\",\"potentialAction\":[{\"@type\":\"ReadAction\",\"target\":[\"https:\/\/kundservice.corendon.se\/blog\/2021\/11\/24\/funktionshindrade-gaster\/\"]}]},{\"@type\":\"BreadcrumbList\",\"@id\":\"https:\/\/kundservice.corendon.se\/blog\/2021\/11\/24\/funktionshindrade-gaster\/#breadcrumb\",\"itemListElement\":[{\"@type\":\"ListItem\",\"position\":1,\"name\":\"Home\",\"item\":\"https:\/\/kundservice.corendon.se\/\"},{\"@type\":\"ListItem\",\"position\":2,\"name\":\"Funktionshindrade g\u00e4ster\"}]},{\"@type\":\"WebSite\",\"@id\":\"https:\/\/kundservice.corendon.se\/#website\",\"url\":\"https:\/\/kundservice.corendon.se\/\",\"name\":\"Kundeservice Corendon (SE)\",\"description\":\"Her finder du svar p\u00e5 sp\u00f8rgsm\u00e5l om din ferie med Corendon\",\"potentialAction\":[{\"@type\":\"SearchAction\",\"target\":{\"@type\":\"EntryPoint\",\"urlTemplate\":\"https:\/\/kundservice.corendon.se\/?s={search_term_string}\"},\"query-input\":{\"@type\":\"PropertyValueSpecification\",\"valueRequired\":true,\"valueName\":\"search_term_string\"}}],\"inLanguage\":\"sv-SE\"},{\"@type\":\"Person\",\"@id\":\"https:\/\/kundservice.corendon.se\/#\/schema\/person\/1b9facdfda30ae1f4592a6820b7b3c2d\",\"name\":\"Deniz jensen\",\"image\":{\"@type\":\"ImageObject\",\"inLanguage\":\"sv-SE\",\"@id\":\"https:\/\/kundservice.corendon.se\/#\/schema\/person\/image\/\",\"url\":\"https:\/\/secure.gravatar.com\/avatar\/379718f10245a298f9150cd0419dc88b5b9a0b25979762bd07c975c4842c7afa?s=96&d=mm&r=g\",\"contentUrl\":\"https:\/\/secure.gravatar.com\/avatar\/379718f10245a298f9150cd0419dc88b5b9a0b25979762bd07c975c4842c7afa?s=96&d=mm&r=g\",\"caption\":\"Deniz jensen\"},\"url\":\"https:\/\/kundservice.corendon.se\/blog\/author\/deniz\/\"}]}<\/script>\n<!-- \/ Yoast SEO plugin. -->","yoast_head_json":{"title":"Funktionshindrade g\u00e4ster - Kundeservice Corendon (SE)","robots":{"index":"index","follow":"follow","max-snippet":"max-snippet:-1","max-image-preview":"max-image-preview:large","max-video-preview":"max-video-preview:-1"},"canonical":"https:\/\/kundservice.corendon.se\/blog\/2021\/11\/24\/funktionshindrade-gaster\/","og_locale":"sv_SE","og_type":"article","og_title":"Funktionshindrade g\u00e4ster - Kundeservice Corendon (SE)","og_description":"V\u00e5ra resm\u00e5l kan inte betecknas som l\u00e4mpliga f\u00f6r funktionshindrade g\u00e4ster \u2013 terr\u00e4ngen \u00e4r ofta kuperad och trottoarkanterna mycket h\u00f6ga. V\u00e5ra hotell och semesterl\u00e4genheter kan inte heller betecknas som l\u00e4mpliga eller anpassade, s\u00e5vida det inte uttryckligen anges i beskrivningen. Observera att endast ett f\u00e5tal hotell och rum \u00e4r anpassade vad g\u00e4ller t.ex. d\u00f6rrbredd, toalettf\u00f6rh\u00e5llanden, hisstorlek, omr\u00e5dets [&hellip;]","og_url":"https:\/\/kundservice.corendon.se\/blog\/2021\/11\/24\/funktionshindrade-gaster\/","og_site_name":"Kundeservice Corendon (SE)","article_published_time":"2021-11-24T18:11:28+00:00","article_modified_time":"2026-04-27T13:11:11+00:00","author":"Deniz jensen","twitter_card":"summary_large_image","twitter_misc":{"Written by":"Deniz jensen","Est. reading time":"1 minute"},"schema":{"@context":"https:\/\/schema.org","@graph":[{"@type":"WebPage","@id":"https:\/\/kundservice.corendon.se\/blog\/2021\/11\/24\/funktionshindrade-gaster\/","url":"https:\/\/kundservice.corendon.se\/blog\/2021\/11\/24\/funktionshindrade-gaster\/","name":"Funktionshindrade g\u00e4ster - Kundeservice Corendon (SE)","isPartOf":{"@id":"https:\/\/kundservice.corendon.se\/#website"},"datePublished":"2021-11-24T18:11:28+00:00","dateModified":"2026-04-27T13:11:11+00:00","author":{"@id":"https:\/\/kundservice.corendon.se\/#\/schema\/person\/1b9facdfda30ae1f4592a6820b7b3c2d"},"breadcrumb":{"@id":"https:\/\/kundservice.corendon.se\/blog\/2021\/11\/24\/funktionshindrade-gaster\/#breadcrumb"},"inLanguage":"sv-SE","potentialAction":[{"@type":"ReadAction","target":["https:\/\/kundservice.corendon.se\/blog\/2021\/11\/24\/funktionshindrade-gaster\/"]}]},{"@type":"BreadcrumbList","@id":"https:\/\/kundservice.corendon.se\/blog\/2021\/11\/24\/funktionshindrade-gaster\/#breadcrumb","itemListElement":[{"@type":"ListItem","position":1,"name":"Home","item":"https:\/\/kundservice.corendon.se\/"},{"@type":"ListItem","position":2,"name":"Funktionshindrade g\u00e4ster"}]},{"@type":"WebSite","@id":"https:\/\/kundservice.corendon.se\/#website","url":"https:\/\/kundservice.corendon.se\/","name":"Kundeservice Corendon (SE)","description":"Her finder du svar p\u00e5 sp\u00f8rgsm\u00e5l om din ferie med Corendon","potentialAction":[{"@type":"SearchAction","target":{"@type":"EntryPoint","urlTemplate":"https:\/\/kundservice.corendon.se\/?s={search_term_string}"},"query-input":{"@type":"PropertyValueSpecification","valueRequired":true,"valueName":"search_term_string"}}],"inLanguage":"sv-SE"},{"@type":"Person","@id":"https:\/\/kundservice.corendon.se\/#\/schema\/person\/1b9facdfda30ae1f4592a6820b7b3c2d","name":"Deniz jensen","image":{"@type":"ImageObject","inLanguage":"sv-SE","@id":"https:\/\/kundservice.corendon.se\/#\/schema\/person\/image\/","url":"https:\/\/secure.gravatar.com\/avatar\/379718f10245a298f9150cd0419dc88b5b9a0b25979762bd07c975c4842c7afa?s=96&d=mm&r=g","contentUrl":"https:\/\/secure.gravatar.com\/avatar\/379718f10245a298f9150cd0419dc88b5b9a0b25979762bd07c975c4842c7afa?s=96&d=mm&r=g","caption":"Deniz jensen"},"url":"https:\/\/kundservice.corendon.se\/blog\/author\/deniz\/"}]}},"_links":{"self":[{"href":"https:\/\/kundservice.corendon.se\/wp-json\/wp\/v2\/posts\/2664","targetHints":{"allow":["GET"]}}],"collection":[{"href":"https:\/\/kundservice.corendon.se\/wp-json\/wp\/v2\/posts"}],"about":[{"href":"https:\/\/kundservice.corendon.se\/wp-json\/wp\/v2\/types\/post"}],"author":[{"embeddable":true,"href":"https:\/\/kundservice.corendon.se\/wp-json\/wp\/v2\/users\/20"}],"replies":[{"embeddable":true,"href":"https:\/\/kundservice.corendon.se\/wp-json\/wp\/v2\/comments?post=2664"}],"version-history":[{"count":3,"href":"https:\/\/kundservice.corendon.se\/wp-json\/wp\/v2\/posts\/2664\/revisions"}],"predecessor-version":[{"id":2889,"href":"https:\/\/kundservice.corendon.se\/wp-json\/wp\/v2\/posts\/2664\/revisions\/2889"}],"wp:attachment":[{"href":"https:\/\/kundservice.corendon.se\/wp-json\/wp\/v2\/media?parent=2664"}],"wp:term":[{"taxonomy":"category","embeddable":true,"href":"https:\/\/kundservice.corendon.se\/wp-json\/wp\/v2\/categories?post=2664"},{"taxonomy":"post_tag","embeddable":true,"href":"https:\/\/kundservice.corendon.se\/wp-json\/wp\/v2\/tags?post=2664"}],"curies":[{"name":"wp","href":"https:\/\/api.w.org\/{rel}","templated":true}]}}