{"id":2629,"date":"2021-11-24T07:57:40","date_gmt":"2021-11-24T06:57:40","guid":{"rendered":"https:\/\/kundservice.corendon.se\/?p=2629"},"modified":"2026-04-27T14:41:44","modified_gmt":"2026-04-27T13:41:44","slug":"reseansvarig","status":"publish","type":"post","link":"https:\/\/kundservice.corendon.se\/blog\/2021\/11\/24\/reseansvarig\/","title":{"rendered":"Reseansvarig"},"content":{"rendered":"<p>Den person som vid bokningen har angett adress, telefonnummer m.m. och som anges p\u00e5 fakturan \u00e4r ansvarig f\u00f6r bokningen \u00e5 de \u00f6vriga resen\u00e4rernas v\u00e4gnar. Den resansvarige ansvarar f\u00f6r att betalningen sker i tid. Eventuell kommunikation och \u00e5terbetalningar sker endast till den resansvarige. Endast denna person kan \u00e4ndra eller avboka resan.<\/p>\n","protected":false},"excerpt":{"rendered":"<p>Den person som vid bokningen har angett adress, telefonnummer m.m. och som anges p\u00e5 fakturan \u00e4r ansvarig f\u00f6r bokningen \u00e5 de \u00f6vriga resen\u00e4rernas v\u00e4gnar. Den resansvarige ansvarar f\u00f6r att betalningen sker i tid. Eventuell kommunikation och \u00e5terbetalningar sker endast till den resansvarige. Endast denna person kan \u00e4ndra eller avboka resan.<\/p>\n","protected":false},"author":20,"featured_media":0,"comment_status":"closed","ping_status":"closed","sticky":false,"template":"","format":"standard","meta":{"footnotes":""},"categories":[14],"tags":[],"class_list":["post-2629","post","type-post","status-publish","format-standard","hentry","category-fore-avresa"],"yoast_head":"<!-- This site is optimized with the Yoast SEO plugin v26.0 - https:\/\/yoast.com\/wordpress\/plugins\/seo\/ -->\n<title>Reseansvarig - Kundeservice Corendon (SE)<\/title>\n<meta name=\"robots\" content=\"index, follow, max-snippet:-1, max-image-preview:large, max-video-preview:-1\" \/>\n<link rel=\"canonical\" href=\"https:\/\/kundservice.corendon.se\/blog\/2021\/11\/24\/reseansvarig\/\" \/>\n<meta property=\"og:locale\" content=\"sv_SE\" \/>\n<meta property=\"og:type\" content=\"article\" \/>\n<meta property=\"og:title\" content=\"Reseansvarig - Kundeservice Corendon (SE)\" \/>\n<meta property=\"og:description\" content=\"Den person som vid bokningen har angett adress, telefonnummer m.m. och som anges p\u00e5 fakturan \u00e4r ansvarig f\u00f6r bokningen \u00e5 de \u00f6vriga resen\u00e4rernas v\u00e4gnar. Den resansvarige ansvarar f\u00f6r att betalningen sker i tid. Eventuell kommunikation och \u00e5terbetalningar sker endast till den resansvarige. Endast denna person kan \u00e4ndra eller avboka resan.\" \/>\n<meta property=\"og:url\" content=\"https:\/\/kundservice.corendon.se\/blog\/2021\/11\/24\/reseansvarig\/\" \/>\n<meta property=\"og:site_name\" content=\"Kundeservice Corendon (SE)\" \/>\n<meta property=\"article:published_time\" content=\"2021-11-24T06:57:40+00:00\" \/>\n<meta property=\"article:modified_time\" content=\"2026-04-27T13:41:44+00:00\" \/>\n<meta name=\"author\" content=\"Deniz jensen\" \/>\n<meta name=\"twitter:card\" content=\"summary_large_image\" \/>\n<meta name=\"twitter:label1\" content=\"Written by\" \/>\n\t<meta name=\"twitter:data1\" content=\"Deniz jensen\" \/>\n\t<meta name=\"twitter:label2\" content=\"Est. reading time\" \/>\n\t<meta name=\"twitter:data2\" content=\"1 minute\" \/>\n<script type=\"application\/ld+json\" class=\"yoast-schema-graph\">{\"@context\":\"https:\/\/schema.org\",\"@graph\":[{\"@type\":\"WebPage\",\"@id\":\"https:\/\/kundservice.corendon.se\/blog\/2021\/11\/24\/reseansvarig\/\",\"url\":\"https:\/\/kundservice.corendon.se\/blog\/2021\/11\/24\/reseansvarig\/\",\"name\":\"Reseansvarig - Kundeservice Corendon (SE)\",\"isPartOf\":{\"@id\":\"https:\/\/kundservice.corendon.se\/#website\"},\"datePublished\":\"2021-11-24T06:57:40+00:00\",\"dateModified\":\"2026-04-27T13:41:44+00:00\",\"author\":{\"@id\":\"https:\/\/kundservice.corendon.se\/#\/schema\/person\/1b9facdfda30ae1f4592a6820b7b3c2d\"},\"breadcrumb\":{\"@id\":\"https:\/\/kundservice.corendon.se\/blog\/2021\/11\/24\/reseansvarig\/#breadcrumb\"},\"inLanguage\":\"sv-SE\",\"potentialAction\":[{\"@type\":\"ReadAction\",\"target\":[\"https:\/\/kundservice.corendon.se\/blog\/2021\/11\/24\/reseansvarig\/\"]}]},{\"@type\":\"BreadcrumbList\",\"@id\":\"https:\/\/kundservice.corendon.se\/blog\/2021\/11\/24\/reseansvarig\/#breadcrumb\",\"itemListElement\":[{\"@type\":\"ListItem\",\"position\":1,\"name\":\"Home\",\"item\":\"https:\/\/kundservice.corendon.se\/\"},{\"@type\":\"ListItem\",\"position\":2,\"name\":\"Reseansvarig\"}]},{\"@type\":\"WebSite\",\"@id\":\"https:\/\/kundservice.corendon.se\/#website\",\"url\":\"https:\/\/kundservice.corendon.se\/\",\"name\":\"Kundeservice Corendon (SE)\",\"description\":\"Her finder du svar p\u00e5 sp\u00f8rgsm\u00e5l om din ferie med Corendon\",\"potentialAction\":[{\"@type\":\"SearchAction\",\"target\":{\"@type\":\"EntryPoint\",\"urlTemplate\":\"https:\/\/kundservice.corendon.se\/?s={search_term_string}\"},\"query-input\":{\"@type\":\"PropertyValueSpecification\",\"valueRequired\":true,\"valueName\":\"search_term_string\"}}],\"inLanguage\":\"sv-SE\"},{\"@type\":\"Person\",\"@id\":\"https:\/\/kundservice.corendon.se\/#\/schema\/person\/1b9facdfda30ae1f4592a6820b7b3c2d\",\"name\":\"Deniz jensen\",\"image\":{\"@type\":\"ImageObject\",\"inLanguage\":\"sv-SE\",\"@id\":\"https:\/\/kundservice.corendon.se\/#\/schema\/person\/image\/\",\"url\":\"https:\/\/secure.gravatar.com\/avatar\/379718f10245a298f9150cd0419dc88b5b9a0b25979762bd07c975c4842c7afa?s=96&d=mm&r=g\",\"contentUrl\":\"https:\/\/secure.gravatar.com\/avatar\/379718f10245a298f9150cd0419dc88b5b9a0b25979762bd07c975c4842c7afa?s=96&d=mm&r=g\",\"caption\":\"Deniz jensen\"},\"url\":\"https:\/\/kundservice.corendon.se\/blog\/author\/deniz\/\"}]}<\/script>\n<!-- \/ Yoast SEO plugin. -->","yoast_head_json":{"title":"Reseansvarig - Kundeservice Corendon (SE)","robots":{"index":"index","follow":"follow","max-snippet":"max-snippet:-1","max-image-preview":"max-image-preview:large","max-video-preview":"max-video-preview:-1"},"canonical":"https:\/\/kundservice.corendon.se\/blog\/2021\/11\/24\/reseansvarig\/","og_locale":"sv_SE","og_type":"article","og_title":"Reseansvarig - Kundeservice Corendon (SE)","og_description":"Den person som vid bokningen har angett adress, telefonnummer m.m. och som anges p\u00e5 fakturan \u00e4r ansvarig f\u00f6r bokningen \u00e5 de \u00f6vriga resen\u00e4rernas v\u00e4gnar. Den resansvarige ansvarar f\u00f6r att betalningen sker i tid. Eventuell kommunikation och \u00e5terbetalningar sker endast till den resansvarige. Endast denna person kan \u00e4ndra eller avboka resan.","og_url":"https:\/\/kundservice.corendon.se\/blog\/2021\/11\/24\/reseansvarig\/","og_site_name":"Kundeservice Corendon (SE)","article_published_time":"2021-11-24T06:57:40+00:00","article_modified_time":"2026-04-27T13:41:44+00:00","author":"Deniz jensen","twitter_card":"summary_large_image","twitter_misc":{"Written by":"Deniz jensen","Est. reading time":"1 minute"},"schema":{"@context":"https:\/\/schema.org","@graph":[{"@type":"WebPage","@id":"https:\/\/kundservice.corendon.se\/blog\/2021\/11\/24\/reseansvarig\/","url":"https:\/\/kundservice.corendon.se\/blog\/2021\/11\/24\/reseansvarig\/","name":"Reseansvarig - Kundeservice Corendon (SE)","isPartOf":{"@id":"https:\/\/kundservice.corendon.se\/#website"},"datePublished":"2021-11-24T06:57:40+00:00","dateModified":"2026-04-27T13:41:44+00:00","author":{"@id":"https:\/\/kundservice.corendon.se\/#\/schema\/person\/1b9facdfda30ae1f4592a6820b7b3c2d"},"breadcrumb":{"@id":"https:\/\/kundservice.corendon.se\/blog\/2021\/11\/24\/reseansvarig\/#breadcrumb"},"inLanguage":"sv-SE","potentialAction":[{"@type":"ReadAction","target":["https:\/\/kundservice.corendon.se\/blog\/2021\/11\/24\/reseansvarig\/"]}]},{"@type":"BreadcrumbList","@id":"https:\/\/kundservice.corendon.se\/blog\/2021\/11\/24\/reseansvarig\/#breadcrumb","itemListElement":[{"@type":"ListItem","position":1,"name":"Home","item":"https:\/\/kundservice.corendon.se\/"},{"@type":"ListItem","position":2,"name":"Reseansvarig"}]},{"@type":"WebSite","@id":"https:\/\/kundservice.corendon.se\/#website","url":"https:\/\/kundservice.corendon.se\/","name":"Kundeservice Corendon (SE)","description":"Her finder du svar p\u00e5 sp\u00f8rgsm\u00e5l om din ferie med Corendon","potentialAction":[{"@type":"SearchAction","target":{"@type":"EntryPoint","urlTemplate":"https:\/\/kundservice.corendon.se\/?s={search_term_string}"},"query-input":{"@type":"PropertyValueSpecification","valueRequired":true,"valueName":"search_term_string"}}],"inLanguage":"sv-SE"},{"@type":"Person","@id":"https:\/\/kundservice.corendon.se\/#\/schema\/person\/1b9facdfda30ae1f4592a6820b7b3c2d","name":"Deniz jensen","image":{"@type":"ImageObject","inLanguage":"sv-SE","@id":"https:\/\/kundservice.corendon.se\/#\/schema\/person\/image\/","url":"https:\/\/secure.gravatar.com\/avatar\/379718f10245a298f9150cd0419dc88b5b9a0b25979762bd07c975c4842c7afa?s=96&d=mm&r=g","contentUrl":"https:\/\/secure.gravatar.com\/avatar\/379718f10245a298f9150cd0419dc88b5b9a0b25979762bd07c975c4842c7afa?s=96&d=mm&r=g","caption":"Deniz jensen"},"url":"https:\/\/kundservice.corendon.se\/blog\/author\/deniz\/"}]}},"_links":{"self":[{"href":"https:\/\/kundservice.corendon.se\/wp-json\/wp\/v2\/posts\/2629","targetHints":{"allow":["GET"]}}],"collection":[{"href":"https:\/\/kundservice.corendon.se\/wp-json\/wp\/v2\/posts"}],"about":[{"href":"https:\/\/kundservice.corendon.se\/wp-json\/wp\/v2\/types\/post"}],"author":[{"embeddable":true,"href":"https:\/\/kundservice.corendon.se\/wp-json\/wp\/v2\/users\/20"}],"replies":[{"embeddable":true,"href":"https:\/\/kundservice.corendon.se\/wp-json\/wp\/v2\/comments?post=2629"}],"version-history":[{"count":2,"href":"https:\/\/kundservice.corendon.se\/wp-json\/wp\/v2\/posts\/2629\/revisions"}],"predecessor-version":[{"id":2907,"href":"https:\/\/kundservice.corendon.se\/wp-json\/wp\/v2\/posts\/2629\/revisions\/2907"}],"wp:attachment":[{"href":"https:\/\/kundservice.corendon.se\/wp-json\/wp\/v2\/media?parent=2629"}],"wp:term":[{"taxonomy":"category","embeddable":true,"href":"https:\/\/kundservice.corendon.se\/wp-json\/wp\/v2\/categories?post=2629"},{"taxonomy":"post_tag","embeddable":true,"href":"https:\/\/kundservice.corendon.se\/wp-json\/wp\/v2\/tags?post=2629"}],"curies":[{"name":"wp","href":"https:\/\/api.w.org\/{rel}","templated":true}]}}